{"id":1009,"date":"2012-11-07T10:00:16","date_gmt":"2012-11-07T09:00:16","guid":{"rendered":"http:\/\/www.dagsiwi.de\/?p=1009"},"modified":"2012-11-20T10:11:58","modified_gmt":"2012-11-20T09:11:58","slug":"dag-mitglieder-beim-election-breakfast-2012-dabei","status":"publish","type":"post","link":"https:\/\/www.dagsiwi.de\/en\/2012\/11\/dag-mitglieder-beim-election-breakfast-2012-dabei\/","title":{"rendered":"DAG-Mitglieder beim Election Breakfast 2012 dabei!"},"content":{"rendered":"<p>Zum Election Breakfast am 07. November 2012 in der mit <a href=\"http:\/\/www.dagsiwi.de\/wordpress\/wp-content\/uploads\/2012\/11\/Election_Breakfast2012_FotoLfMN-RW.jpg\"><img loading=\"lazy\" decoding=\"async\" class=\"alignleft size-medium wp-image-1010\" title=\"Election_Breakfast2012_FotoLfMN RW\" src=\"http:\/\/www.dagsiwi.de\/wordpress\/wp-content\/uploads\/2012\/11\/Election_Breakfast2012_FotoLfMN-RW-300x200.jpg\" alt=\"\" width=\"300\" height=\"200\" srcset=\"https:\/\/www.dagsiwi.de\/wordpress\/wp-content\/uploads\/2012\/11\/Election_Breakfast2012_FotoLfMN-RW-300x200.jpg 300w, https:\/\/www.dagsiwi.de\/wordpress\/wp-content\/uploads\/2012\/11\/Election_Breakfast2012_FotoLfMN-RW.jpg 375w\" sizes=\"auto, (max-width: 300px) 100vw, 300px\" \/><\/a>amerikansichen Farben geschm\u00fcckten Landesanstalt f\u00fcr Medien NRW <em>(Fotos durch Anklicken zu vergr\u00f6\u00dfern!)<\/em>machte sich\u00a0eine Gruppe von acht DAG-Mitgliedern fr\u00fchmorgens auf nach D\u00fcsseldorf, um die Live-\u00dcbertragung aus den USA und die Live-Interviews und Diskussionen vor Ort zu verfolgen. Das U.S. Generalkonsulat D\u00fcsseldorf, das Amerika Haus NRW, die Rheinische Post und die Landesanstalt f\u00fcr Medien hatten dieses typische Election Breakfast arrangiert. Der neue U.S. <a href=\"http:\/\/www.dagsiwi.de\/wordpress\/wp-content\/uploads\/2012\/11\/DSCI0034.jpg\"><img loading=\"lazy\" decoding=\"async\" class=\"alignright size-medium wp-image-1011\" title=\"DSCI0034\" src=\"http:\/\/www.dagsiwi.de\/wordpress\/wp-content\/uploads\/2012\/11\/DSCI0034-300x225.jpg\" alt=\"\" width=\"300\" height=\"225\" srcset=\"https:\/\/www.dagsiwi.de\/wordpress\/wp-content\/uploads\/2012\/11\/DSCI0034-300x225.jpg 300w, https:\/\/www.dagsiwi.de\/wordpress\/wp-content\/uploads\/2012\/11\/DSCI0034-1024x768.jpg 1024w, https:\/\/www.dagsiwi.de\/wordpress\/wp-content\/uploads\/2012\/11\/DSCI0034.jpg 2048w\" sizes=\"auto, (max-width: 300px) 100vw, 300px\" \/><\/a>Generalkonsul <em>Steve Hubler (<\/em>auf dem Foto<em> vor DAG-Vice Roland Sagasser und seiner Gattin Inge und li. von DAG-Secretary Horst Schneider, davor die DAG-Mitglieder Martin Kr\u00f6ckel, Ulla Becker mit Begleiterin, unser\u00a0amerikanischer Gaststudent 2012\/13 Schuyler Bisbee aus New Jersey und DAG-Mitglied Stefanie Schmidt) <\/em>konnte\u00a0f\u00fcr die Veranstalter ca. 400 G\u00e4ste begr\u00fc\u00dfen. Es war ein Morgen mit echtem amerikanischen Feeling und es gab -Gelegenheiten, die Wahlergebnisse <a href=\"http:\/\/www.dagsiwi.de\/wordpress\/wp-content\/uploads\/2012\/11\/DSCI0037.jpg\"><img loading=\"lazy\" decoding=\"async\" class=\"alignleft size-medium wp-image-1012\" title=\"DSCI0037\" src=\"http:\/\/www.dagsiwi.de\/wordpress\/wp-content\/uploads\/2012\/11\/DSCI0037-300x225.jpg\" alt=\"\" width=\"300\" height=\"225\" srcset=\"https:\/\/www.dagsiwi.de\/wordpress\/wp-content\/uploads\/2012\/11\/DSCI0037-300x225.jpg 300w, https:\/\/www.dagsiwi.de\/wordpress\/wp-content\/uploads\/2012\/11\/DSCI0037-1024x768.jpg 1024w\" sizes=\"auto, (max-width: 300px) 100vw, 300px\" \/><\/a>zu diskutieren und Kontakte zu kn\u00fcpfen. Die kleine Siegener Delegation war angetan von der Stimmung, den Informationen und Kontakten.<br \/>\n<em>(<span style=\"text-decoration: underline;\">Foto von links:<\/span> Jutta Tatzelt, Public Affairs U.S. Generalkonsulat D\u00fcsseldorf,\u00a0 Gaststudent Schuyler Bisbee\u00a0und\u00a0Stefanie Schmidt, Koordinatorin des &#8220;Jungen Netzwerkes&#8221; der DAG).<\/em><\/p>\n","protected":false},"excerpt":{"rendered":"<p>Zum Election Breakfast am 07. November 2012 in der mit amerikansichen Farben geschm\u00fcckten Landesanstalt f\u00fcr Medien NRW (Fotos durch Anklicken zu vergr\u00f6\u00dfern!)machte sich\u00a0eine Gruppe von acht DAG-Mitgliedern fr\u00fchmorgens auf nach D\u00fcsseldorf, um die Live-\u00dcbertragung aus den USA und die Live-Interviews und Diskussionen vor Ort zu verfolgen. Das U.S. Generalkonsulat D\u00fcsseldorf, das Amerika Haus NRW, die [&hellip;]<\/p>\n","protected":false},"author":2,"featured_media":0,"comment_status":"closed","ping_status":"closed","sticky":false,"template":"","format":"standard","meta":{"ngg_post_thumbnail":0,"footnotes":""},"categories":[1],"tags":[],"class_list":["post-1009","post","type-post","status-publish","format-standard","hentry","category-allgemein"],"translation":{"provider":"WPGlobus","version":"3.0.2","language":"en","enabled_languages":["de","en"],"languages":{"de":{"title":true,"content":true,"excerpt":false},"en":{"title":false,"content":false,"excerpt":false}}},"aioseo_notices":[],"_links":{"self":[{"href":"https:\/\/www.dagsiwi.de\/en\/wp-json\/wp\/v2\/posts\/1009","targetHints":{"allow":["GET"]}}],"collection":[{"href":"https:\/\/www.dagsiwi.de\/en\/wp-json\/wp\/v2\/posts"}],"about":[{"href":"https:\/\/www.dagsiwi.de\/en\/wp-json\/wp\/v2\/types\/post"}],"author":[{"embeddable":true,"href":"https:\/\/www.dagsiwi.de\/en\/wp-json\/wp\/v2\/users\/2"}],"replies":[{"embeddable":true,"href":"https:\/\/www.dagsiwi.de\/en\/wp-json\/wp\/v2\/comments?post=1009"}],"version-history":[{"count":3,"href":"https:\/\/www.dagsiwi.de\/en\/wp-json\/wp\/v2\/posts\/1009\/revisions"}],"predecessor-version":[{"id":1015,"href":"https:\/\/www.dagsiwi.de\/en\/wp-json\/wp\/v2\/posts\/1009\/revisions\/1015"}],"wp:attachment":[{"href":"https:\/\/www.dagsiwi.de\/en\/wp-json\/wp\/v2\/media?parent=1009"}],"wp:term":[{"taxonomy":"category","embeddable":true,"href":"https:\/\/www.dagsiwi.de\/en\/wp-json\/wp\/v2\/categories?post=1009"},{"taxonomy":"post_tag","embeddable":true,"href":"https:\/\/www.dagsiwi.de\/en\/wp-json\/wp\/v2\/tags?post=1009"}],"curies":[{"name":"wp","href":"https:\/\/api.w.org\/{rel}","templated":true}]}}