{"id":1028,"date":"2012-11-26T19:44:49","date_gmt":"2012-11-26T18:44:49","guid":{"rendered":"http:\/\/www.dagsiwi.de\/?p=1028"},"modified":"2012-11-29T15:15:05","modified_gmt":"2012-11-29T14:15:05","slug":"thanksgiving-dinner-2012-mit-teilnehmerrekord","status":"publish","type":"post","link":"https:\/\/www.dagsiwi.de\/en\/2012\/11\/thanksgiving-dinner-2012-mit-teilnehmerrekord\/","title":{"rendered":"Thanksgiving Dinner 2012 mit Teilnehmerrekord!"},"content":{"rendered":"<p><strong>\u00dcber 75<\/strong> DAG-Mitglieder und deutsche u. amerikanische G\u00e4ste <a href=\"http:\/\/www.dagsiwi.de\/wordpress\/wp-content\/uploads\/2012\/11\/IMG_3777.jpg\"><img loading=\"lazy\" decoding=\"async\" class=\"alignleft  wp-image-1046\" title=\"IMG_3777\" src=\"http:\/\/www.dagsiwi.de\/wordpress\/wp-content\/uploads\/2012\/11\/IMG_3777-300x200.jpg\" alt=\"\" width=\"300\" height=\"200\" srcset=\"https:\/\/www.dagsiwi.de\/wordpress\/wp-content\/uploads\/2012\/11\/IMG_3777-300x200.jpg 300w, https:\/\/www.dagsiwi.de\/wordpress\/wp-content\/uploads\/2012\/11\/IMG_3777.jpg 448w\" sizes=\"auto, (max-width: 300px) 100vw, 300px\" \/><\/a>nahmen am traditionellen 9. Thanksgiving Dinner 2012 am Freitag, 23. November 2012, im Hotel-Restaurant Pfefferm\u00fchle\u00a0in Siegen teil.\u00a0\u00a0\u00a0 <em><span style=\"text-decoration: underline;\">Foto 1<\/span> &#8211; links <strong>(jeweils durch Anklicken zu vergr\u00f6\u00dfern!)<\/strong>: Der Spiegelsaal der &#8220;Pefferm\u00fchle&#8221; war bis auf den letzten Platz gef\u00fcllt!\u00a0\u00a0\u00a0\u00a0\u00a0\u00a0\u00a0\u00a0\u00a0\u00a0\u00a0\u00a0\u00a0\u00a0\u00a0\u00a0\u00a0\u00a0\u00a0\u00a0\u00a0 <a href=\"http:\/\/www.dagsiwi.de\/wordpress\/wp-content\/uploads\/2012\/11\/IMG_37841.jpg\"><img loading=\"lazy\" decoding=\"async\" class=\"alignright size-medium wp-image-1048\" title=\"IMG_3784\" src=\"http:\/\/www.dagsiwi.de\/wordpress\/wp-content\/uploads\/2012\/11\/IMG_37841-300x200.jpg\" alt=\"\" width=\"300\" height=\"200\" srcset=\"https:\/\/www.dagsiwi.de\/wordpress\/wp-content\/uploads\/2012\/11\/IMG_37841-300x200.jpg 300w, https:\/\/www.dagsiwi.de\/wordpress\/wp-content\/uploads\/2012\/11\/IMG_37841.jpg 448w\" sizes=\"auto, (max-width: 300px) 100vw, 300px\" \/><\/a><\/em><\/p>\n<p><em><span style=\"text-decoration: underline;\">Foto 2 &#8211; unten re.:<\/span> Die<br \/>\n<strong>&#8220;Blueberries&#8221;<\/strong> bei einem &#8220;Modern American Square Dance&#8221;.<\/em><\/p>\n<p><em><span style=\"text-decoration: underline;\">Foto 3 &#8211; unten links:<\/span> Unser <strong>amerikanischer Austauschstudent<\/strong> 2012\/13 <a href=\"http:\/\/www.dagsiwi.de\/wordpress\/wp-content\/uploads\/2012\/11\/DSCI00452.jpg\"><img loading=\"lazy\" decoding=\"async\" class=\"alignleft size-medium wp-image-1061\" title=\"DSCI0045\" src=\"http:\/\/www.dagsiwi.de\/wordpress\/wp-content\/uploads\/2012\/11\/DSCI00452-300x224.jpg\" alt=\"\" width=\"300\" height=\"224\" srcset=\"https:\/\/www.dagsiwi.de\/wordpress\/wp-content\/uploads\/2012\/11\/DSCI00452-300x224.jpg 300w, https:\/\/www.dagsiwi.de\/wordpress\/wp-content\/uploads\/2012\/11\/DSCI00452.jpg 448w\" sizes=\"auto, (max-width: 300px) 100vw, 300px\" \/><\/a><strong>Schuyler Bisbee<\/strong> von der University of Delaware beim Vorstellen und Bericht\u00a0\u00fcber das Leben &amp; Studieren in der Universit\u00e4tsstadt Siegen &#8211; in passablem Deutsch!<br \/>\n<\/em><br \/>\nSie k\u00f6nnen mehr \u00fcber diesen amerikanischen Brauch und einen der wichtigen amerikanischen Feiertage\u00a0sowie \u00fcber das 9. Thanksgiving Dinner erfahren, wenn Sie die u. g. Dokumenten-Namen anklicken:<br \/>\n<a href=\"http:\/\/www.dagsiwi.de\/wordpress\/wp-content\/uploads\/2012\/11\/Proklamation_President_Thanksgiving201200011.pdf\">Proklamation_President_Thanksgiving20120001<\/a><br \/>\n<a href=\"http:\/\/www.dagsiwi.de\/wordpress\/wp-content\/uploads\/2012\/11\/Thankgiving-Dinner-2012-Info3.doc\">Thankgiving-Dinner-2012-Info<\/a><\/p>\n","protected":false},"excerpt":{"rendered":"<p>\u00dcber 75 DAG-Mitglieder und deutsche u. amerikanische G\u00e4ste nahmen am traditionellen 9. Thanksgiving Dinner 2012 am Freitag, 23. November 2012, im Hotel-Restaurant Pfefferm\u00fchle\u00a0in Siegen teil.\u00a0\u00a0\u00a0 Foto 1 &#8211; links (jeweils durch Anklicken zu vergr\u00f6\u00dfern!): Der Spiegelsaal der &#8220;Pefferm\u00fchle&#8221; war bis auf den letzten Platz gef\u00fcllt!\u00a0\u00a0\u00a0\u00a0\u00a0\u00a0\u00a0\u00a0\u00a0\u00a0\u00a0\u00a0\u00a0\u00a0\u00a0\u00a0\u00a0\u00a0\u00a0\u00a0\u00a0 Foto 2 &#8211; unten re.: Die &#8220;Blueberries&#8221; bei einem &#8220;Modern [&hellip;]<\/p>\n","protected":false},"author":2,"featured_media":0,"comment_status":"closed","ping_status":"closed","sticky":false,"template":"","format":"standard","meta":{"ngg_post_thumbnail":0,"footnotes":""},"categories":[19],"tags":[],"class_list":["post-1028","post","type-post","status-publish","format-standard","hentry","category-eventbericht"],"translation":{"provider":"WPGlobus","version":"3.0.2","language":"en","enabled_languages":["de","en"],"languages":{"de":{"title":true,"content":true,"excerpt":false},"en":{"title":false,"content":false,"excerpt":false}}},"aioseo_notices":[],"_links":{"self":[{"href":"https:\/\/www.dagsiwi.de\/en\/wp-json\/wp\/v2\/posts\/1028","targetHints":{"allow":["GET"]}}],"collection":[{"href":"https:\/\/www.dagsiwi.de\/en\/wp-json\/wp\/v2\/posts"}],"about":[{"href":"https:\/\/www.dagsiwi.de\/en\/wp-json\/wp\/v2\/types\/post"}],"author":[{"embeddable":true,"href":"https:\/\/www.dagsiwi.de\/en\/wp-json\/wp\/v2\/users\/2"}],"replies":[{"embeddable":true,"href":"https:\/\/www.dagsiwi.de\/en\/wp-json\/wp\/v2\/comments?post=1028"}],"version-history":[{"count":20,"href":"https:\/\/www.dagsiwi.de\/en\/wp-json\/wp\/v2\/posts\/1028\/revisions"}],"predecessor-version":[{"id":1064,"href":"https:\/\/www.dagsiwi.de\/en\/wp-json\/wp\/v2\/posts\/1028\/revisions\/1064"}],"wp:attachment":[{"href":"https:\/\/www.dagsiwi.de\/en\/wp-json\/wp\/v2\/media?parent=1028"}],"wp:term":[{"taxonomy":"category","embeddable":true,"href":"https:\/\/www.dagsiwi.de\/en\/wp-json\/wp\/v2\/categories?post=1028"},{"taxonomy":"post_tag","embeddable":true,"href":"https:\/\/www.dagsiwi.de\/en\/wp-json\/wp\/v2\/tags?post=1028"}],"curies":[{"name":"wp","href":"https:\/\/api.w.org\/{rel}","templated":true}]}}