{"id":2052,"date":"2015-03-10T17:54:50","date_gmt":"2015-03-10T16:54:50","guid":{"rendered":"http:\/\/www.dagsiwi.de\/?p=2052"},"modified":"2015-03-10T18:15:36","modified_gmt":"2015-03-10T17:15:36","slug":"9-auslobung-eines-jahrlichen-preises-fur-eine-qualifizierte-schulerfacharbeit-mit-usa-bezogenem-oder-transatlantischem-inhalt","status":"publish","type":"post","link":"https:\/\/www.dagsiwi.de\/en\/2015\/03\/9-auslobung-eines-jahrlichen-preises-fur-eine-qualifizierte-schulerfacharbeit-mit-usa-bezogenem-oder-transatlantischem-inhalt\/","title":{"rendered":"9. Auslobung eines j\u00e4hrlichen Preises f\u00fcr eine qualifizierte Sch\u00fclerfacharbeit mit USA-bezogenem oder transatlantischem Inhalt"},"content":{"rendered":"<p>Sch\u00fclerinnen und Sch\u00fcler der Q1\u00a0der Gymnasien im Kreis Siegen-Wittgenstein sind zum 9. Mal aufgerufen, eine qualifizierte Facharbeit oder Ergebnisse von Projektkursen \u00fcber einen US-bezogenen oder einen transatlantischen Inhalt zu verfassen und \u00fcber die betreuende Lehrkraft mit deren Empfehlung auf einem Vordruck der Deutsch-Amerikanischen Gesellschaft Siegerland-Wittgenstein e. V. (DAG Si-Wi) einzureichen. Die Sch\u00fclerfacharbeiten k\u00f6nnen aus dem Fach Englisch, aber auch aus anderen F\u00e4chern z. B. Geschichte, Geografie, Sozialkunde, Politik, Religionswissenschaften u. a. m. in englischer oder deutscher Sprache eingereicht werden, wenn sie einen USA-bezogenen oder transatlantischen Inhalt haben. Der\/Die betreuende Fachlehrer\/in\u00a0sendet die\u00a0Facharbeit mit dem ausgef\u00fcllten Vordruck\u00a0<strong>bis zum 15. Mai 2015<\/strong> (Datum des Poststempels)\u00a0an das Vorstandsmitglied der DAG Si-Wi, Frau Sibylle Schwarz, Am Fichtenhang 6, 57072 Siegen. Eine vom DAG Si-Wi eingesetzte Jury w\u00e4hlt aus den eingereichten Facharbeiten die Geeignete aus. Es k\u00f6nnen auf Beschluss des Vorstandes der DAG Si-Wi auch mehrere gleich geeignete Sch\u00fclerfacharbeiten ausgezeichnet werden. Alle anderen Sch\u00fcler\/Sch\u00fclerinnen erhalten einen Anerkennungspreis. Die Preisverleihung wird vor den Sommerferien\u00a0<strong>am Montag, 22. Juni 2015, im Konventsaal des Stift Keppel in Hilchenbach <\/strong>und unter Beteiligung der Schulen sowie interessierter Mitglieder der DAG Si-Wi stattfinden. Die lokalen Medien werden \u00fcber die diesj\u00e4hrigen Preistr\u00e4ger\/innen und Themen informiert. Sie k\u00f6nnen auch den kompletten Auslobungstext (drei DIN A4 Seiten, einschl. des Einreichungstextes) runterladen, wenn Sie den nachstehenden Dokumentennamen anklicken und ggfls. ausdrucken: <a href=\"http:\/\/www.dagsiwi.de\/wordpress\/wp-content\/uploads\/2015\/03\/Auslobungstext_Sch\u00fclerfacharbeit_2015.pdf\">Auslobungstext_Sch\u00fclerfacharbeit_2015<\/a><\/p>\n<p>F\u00fcr weitere Fragen steht die Gesch\u00e4ftsstelle \/ Secretary<em>\u00a0 Volker Sch\u00fcttenhelm, Telefon 0271 &#8211; 23 868 26, E-Mail: <a href=\"mailto:secretary@dagsiwi.de\">secretary@dagsiwi.de<\/a><br \/>\n<\/em>zur Verf\u00fcgung.<\/p>\n","protected":false},"excerpt":{"rendered":"<p>Sch\u00fclerinnen und Sch\u00fcler der Q1\u00a0der Gymnasien im Kreis Siegen-Wittgenstein sind zum 9. Mal aufgerufen, eine qualifizierte Facharbeit oder Ergebnisse von Projektkursen \u00fcber einen US-bezogenen oder einen transatlantischen Inhalt zu verfassen und \u00fcber die betreuende Lehrkraft mit deren Empfehlung auf einem Vordruck der Deutsch-Amerikanischen Gesellschaft Siegerland-Wittgenstein e. V. (DAG Si-Wi) einzureichen. Die Sch\u00fclerfacharbeiten k\u00f6nnen aus dem [&hellip;]<\/p>\n","protected":false},"author":2,"featured_media":0,"comment_status":"closed","ping_status":"closed","sticky":false,"template":"","format":"standard","meta":{"ngg_post_thumbnail":0,"footnotes":""},"categories":[1,8],"tags":[],"class_list":["post-2052","post","type-post","status-publish","format-standard","hentry","category-allgemein","category-ankundigung"],"translation":{"provider":"WPGlobus","version":"3.0.2","language":"en","enabled_languages":["de","en"],"languages":{"de":{"title":true,"content":true,"excerpt":false},"en":{"title":false,"content":false,"excerpt":false}}},"aioseo_notices":[],"_links":{"self":[{"href":"https:\/\/www.dagsiwi.de\/en\/wp-json\/wp\/v2\/posts\/2052","targetHints":{"allow":["GET"]}}],"collection":[{"href":"https:\/\/www.dagsiwi.de\/en\/wp-json\/wp\/v2\/posts"}],"about":[{"href":"https:\/\/www.dagsiwi.de\/en\/wp-json\/wp\/v2\/types\/post"}],"author":[{"embeddable":true,"href":"https:\/\/www.dagsiwi.de\/en\/wp-json\/wp\/v2\/users\/2"}],"replies":[{"embeddable":true,"href":"https:\/\/www.dagsiwi.de\/en\/wp-json\/wp\/v2\/comments?post=2052"}],"version-history":[{"count":7,"href":"https:\/\/www.dagsiwi.de\/en\/wp-json\/wp\/v2\/posts\/2052\/revisions"}],"predecessor-version":[{"id":2060,"href":"https:\/\/www.dagsiwi.de\/en\/wp-json\/wp\/v2\/posts\/2052\/revisions\/2060"}],"wp:attachment":[{"href":"https:\/\/www.dagsiwi.de\/en\/wp-json\/wp\/v2\/media?parent=2052"}],"wp:term":[{"taxonomy":"category","embeddable":true,"href":"https:\/\/www.dagsiwi.de\/en\/wp-json\/wp\/v2\/categories?post=2052"},{"taxonomy":"post_tag","embeddable":true,"href":"https:\/\/www.dagsiwi.de\/en\/wp-json\/wp\/v2\/tags?post=2052"}],"curies":[{"name":"wp","href":"https:\/\/api.w.org\/{rel}","templated":true}]}}