{"id":2357,"date":"2015-09-06T16:09:37","date_gmt":"2015-09-06T14:09:37","guid":{"rendered":"http:\/\/www.dagsiwi.de\/?p=2357"},"modified":"2015-10-25T09:18:36","modified_gmt":"2015-10-25T08:18:36","slug":"9-praemierung-von-qualifizierten-schuelerfacharbeiten-mit-transatlantischem-bezug-im-kreis-siegen-wittgenstein","status":"publish","type":"post","link":"https:\/\/www.dagsiwi.de\/en\/2015\/09\/9-praemierung-von-qualifizierten-schuelerfacharbeiten-mit-transatlantischem-bezug-im-kreis-siegen-wittgenstein\/","title":{"rendered":"9. Pr\u00e4mierung von qualifizierten Sch\u00fclerfacharbeiten mit transatlantischem Bezug im Kreis Siegen-Wittgenstein"},"content":{"rendered":"<p style=\"margin-bottom: 0.0001pt; text-align: left;\"><span style=\"font-family: 'Arial','sans-serif';\"><img loading=\"lazy\" decoding=\"async\" class=\"alignnone size-medium wp-image-2359 alignright\" src=\"http:\/\/www.dagsiwi.de\/wordpress\/wp-content\/uploads\/2015\/09\/Foto1_2015-Facharbeiten_klein-300x169.jpg\" alt=\"Foto1_2015 Facharbeiten_klein\" width=\"300\" height=\"169\" srcset=\"https:\/\/www.dagsiwi.de\/wordpress\/wp-content\/uploads\/2015\/09\/Foto1_2015-Facharbeiten_klein-300x169.jpg 300w, https:\/\/www.dagsiwi.de\/wordpress\/wp-content\/uploads\/2015\/09\/Foto1_2015-Facharbeiten_klein-1024x576.jpg 1024w\" sizes=\"auto, (max-width: 300px) 100vw, 300px\" \/>Bereits zum 9. Mal zeichnet die Deutsch-Amerikanische Gesellschaft Siegerland-Wittgenstein e. V. (DAG-SiWi) Sch\u00fclerfacharbeiten mit USA-bezogenem oder transatlantischem Inhalt aus.<\/span><\/p>\n<p style=\"margin-bottom: .0001pt;\"><span style=\"font-family: 'Arial','sans-serif';\">Die Sch\u00fclerfacharbeiten konnten aus dem Fach Englisch, aber auch mit Bez\u00fcgen zu anderen F\u00e4chern z. B. Geschichte, Geografie, Politik, usw. heraus entwickelt werden. Sie wurden mit einer entsprechenden Empfehlung \u00fcber die betreuenden Fachlehrer eingereicht. \u201eAuch dieses Jahr sind wieder erstaunlich \u00fcberzeugende und hochwertige Arbeiten von Sch\u00fclerinnen und Sch\u00fclern im Kreisgebiet eingereicht worden\u201c, so DAG-Gesch\u00e4ftsf\u00fchrer Volker Sch\u00fcttenhelm. <\/span><\/p>\n<p style=\"margin-bottom: .0001pt;\"><span style=\"font-family: 'Arial','sans-serif';\">Die im eleganten Rokokodekor des Konventssaals von Stift Keppel im Rahmen einer Feierstunde pr\u00e4mierten zwei besten Jahresarbeiten wurden in englischer Sprache verfasst. Preistr\u00e4ger des Schuljahres 2014\/15 sind Vitus Sch\u00e4fftlein aus Hilchenbach (1. Preis: 250 Euro, Gymnasium Stift Keppel, Hilchenbach) und Alisa D\u00f6nges aus Dautphetal (2. Preis: 150 Euro, St\u00e4dtisches Gymnasium Bad Laasphe). Die Preisverleihung wurde vorgenommen von J\u00f6rg M\u00fcller, Pr\u00e4sident der DAGSiWi und Vorstandskollegin Sibylle Schwarz.<\/span><\/p>\n<p style=\"margin-bottom: .0001pt;\"><span style=\"font-family: 'Arial','sans-serif';\">Der Titel der Arbeit von Vitus Sch\u00e4fftlein ist \u201eThe Discrimination against Muslim People in the USA after the Terror Attacks of 9\/11\u201c. Hier besch\u00e4ftigte er sich mit dem komplexen Thema der Diskriminierung von Muslimen in den USA nach den Terroranschl\u00e4gen vom 11. September 2001. <\/span><\/p>\n<p style=\"margin-bottom: .0001pt;\"><span style=\"font-family: 'Arial','sans-serif';\">Alisa D\u00f6nges, Gymnasiastin in Bad Laasphe, untersuchte in ihrer Jahresarbeit mit dem Titel \u201eLife in America \u2013 Always a success story?\u201c die Songs des von der Punkrock-Band Green Day 2004 ver\u00f6ffentlichten Konzeptalbums \u201eAmerican Idiot\u201c, einen musikalischen Longplayer, der gespickt ist mit ebenso skurrilen wie ernsthaften Erz\u00e4hlungen, die als Seitenhiebe auf die Politik und gesellschaftliche Zust\u00e4nde in den USA zu verstehen sind. <\/span><\/p>\n<p style=\"margin-bottom: .0001pt;\"><span style=\"font-family: 'Arial','sans-serif';\">Neben dem Geldpreis erhalten die Preistr\u00e4ger ein landeskundliches Buch \u00fcber die Vereinigten Staaten sowie \u2013 als besondere Gabe des f\u00fcr NRW zust\u00e4ndigen US-Generalkonsulats D\u00fcsseldorf \u2013 einen mit einer Widmung vom amtierenden Generalkonsul Derek R. Kelly versehenen Bildband \u00fcber das facettenreiche Alltagsleben der Amerikaner quer durch Amerikas 50 Bundesstaaten. <\/span><\/p>\n<p style=\"margin-bottom: .0001pt;\"><span style=\"font-family: 'Arial','sans-serif';\">Am Rande der Preisverleihung wurde die aus Tennessee stammende Amerikanerin Delisha Duran, die mit einem Stipendium des Dachverbands der Deutsch-Amerikanischen Vereine in Deutschland (VDAC) ein Jahr lang an der Siegener Universit\u00e4t studieren konnte, mit besten W\u00fcnschen f\u00fcr ihre weitere Karriere von J\u00f6rg M\u00fcller verabschiedet.<\/span><\/p>\n<hr \/>\n<p><strong>Download der Pressemeldung<\/strong><br \/>\n<a href=\"http:\/\/www.dagsiwi.de\/wordpress\/wp-content\/uploads\/2015\/09\/Pressemeldung-Sch\u00fclerfacharbeiten-2015.pdf\">Pressemeldung Sch\u00fclerfacharbeiten 2015<\/a><\/p>\n<hr \/>\n<p>&nbsp;<\/p>\n<p style=\"margin-bottom: .0001pt;\"><strong>Link zum Artikel des Siegerlandkuriers vom 01.07.2015<\/strong><br \/>\n<a href=\"http:\/\/www.siegerlandkurier.de\/vermischtes\/leben-in-den-usa\/\" target=\"_blank\">externer Link<\/a><\/p>\n","protected":false},"excerpt":{"rendered":"<p>Bereits zum 9. Mal zeichnet die Deutsch-Amerikanische Gesellschaft Siegerland-Wittgenstein e. V. (DAG-SiWi) Sch\u00fclerfacharbeiten mit USA-bezogenem oder transatlantischem Inhalt aus. Die Sch\u00fclerfacharbeiten konnten aus dem Fach Englisch, aber auch mit Bez\u00fcgen zu anderen F\u00e4chern z. B. Geschichte, Geografie, Politik, usw. heraus entwickelt werden. Sie wurden mit einer entsprechenden Empfehlung \u00fcber die betreuenden Fachlehrer eingereicht. \u201eAuch dieses [&hellip;]<\/p>\n","protected":false},"author":4,"featured_media":0,"comment_status":"closed","ping_status":"closed","sticky":false,"template":"","format":"standard","meta":{"ngg_post_thumbnail":0,"footnotes":""},"categories":[19],"tags":[],"class_list":["post-2357","post","type-post","status-publish","format-standard","hentry","category-eventbericht"],"translation":{"provider":"WPGlobus","version":"3.0.2","language":"en","enabled_languages":["de","en"],"languages":{"de":{"title":true,"content":true,"excerpt":false},"en":{"title":false,"content":false,"excerpt":false}}},"aioseo_notices":[],"_links":{"self":[{"href":"https:\/\/www.dagsiwi.de\/en\/wp-json\/wp\/v2\/posts\/2357","targetHints":{"allow":["GET"]}}],"collection":[{"href":"https:\/\/www.dagsiwi.de\/en\/wp-json\/wp\/v2\/posts"}],"about":[{"href":"https:\/\/www.dagsiwi.de\/en\/wp-json\/wp\/v2\/types\/post"}],"author":[{"embeddable":true,"href":"https:\/\/www.dagsiwi.de\/en\/wp-json\/wp\/v2\/users\/4"}],"replies":[{"embeddable":true,"href":"https:\/\/www.dagsiwi.de\/en\/wp-json\/wp\/v2\/comments?post=2357"}],"version-history":[{"count":2,"href":"https:\/\/www.dagsiwi.de\/en\/wp-json\/wp\/v2\/posts\/2357\/revisions"}],"predecessor-version":[{"id":2503,"href":"https:\/\/www.dagsiwi.de\/en\/wp-json\/wp\/v2\/posts\/2357\/revisions\/2503"}],"wp:attachment":[{"href":"https:\/\/www.dagsiwi.de\/en\/wp-json\/wp\/v2\/media?parent=2357"}],"wp:term":[{"taxonomy":"category","embeddable":true,"href":"https:\/\/www.dagsiwi.de\/en\/wp-json\/wp\/v2\/categories?post=2357"},{"taxonomy":"post_tag","embeddable":true,"href":"https:\/\/www.dagsiwi.de\/en\/wp-json\/wp\/v2\/tags?post=2357"}],"curies":[{"name":"wp","href":"https:\/\/api.w.org\/{rel}","templated":true}]}}