{"id":2758,"date":"2016-04-14T18:01:00","date_gmt":"2016-04-14T16:01:00","guid":{"rendered":"http:\/\/www.dagsiwi.de\/?p=2758"},"modified":"2016-04-22T21:30:10","modified_gmt":"2016-04-22T19:30:10","slug":"neuer-vorstand-der-dag-siwi","status":"publish","type":"post","link":"https:\/\/www.dagsiwi.de\/en\/2016\/04\/neuer-vorstand-der-dag-siwi\/","title":{"rendered":"Neuer Vorstand der DAG SiWi"},"content":{"rendered":"<p>Im Rahmen der Mitgliederversammlung diesen Dienstag wurden die Vorstandsposten nach 3-j\u00e4hriger Amtszeit neu gew\u00e4hlt.\u00a0<a href=\"http:\/\/www.dagsiwi.de\/wordpress\/wp-content\/uploads\/2016\/04\/Emblem-DAG-Web.jpg\"><img loading=\"lazy\" decoding=\"async\" class=\"wp-image-2802 alignright\" src=\"http:\/\/www.dagsiwi.de\/wordpress\/wp-content\/uploads\/2016\/04\/Emblem-DAG-Web-300x190.jpg\" alt=\"Emblem DAG Web\" width=\"197\" height=\"125\" srcset=\"https:\/\/www.dagsiwi.de\/wordpress\/wp-content\/uploads\/2016\/04\/Emblem-DAG-Web-300x190.jpg 300w, https:\/\/www.dagsiwi.de\/wordpress\/wp-content\/uploads\/2016\/04\/Emblem-DAG-Web.jpg 354w\" sizes=\"auto, (max-width: 197px) 100vw, 197px\" \/><\/a><\/p>\n<p>Pr\u00e4sident <strong>J\u00f6rg M\u00fcller,\u00a0<\/strong>Schatzmeister <strong>Axel Theuer<\/strong> (\u00fcbrigens seit Gr\u00fcndung des Vereins in dieser Funktion) sowie <strong>Stefanie Schmidt<\/strong> verzichteten bereits im Vorfeld auf eine erneute Kandidatur.\u00a0\u00a0An dieser Stelle bedankt sich der Verein herzlich f\u00fcr die langj\u00e4hrige\u00a0konstruktive Mitarbeit im Vorstand der DAG SiWi!<\/p>\n<p>Als neuer Pr\u00e4sident wurde <strong>Volker Sch\u00fcttenhelm<\/strong> aus Obersdorf gew\u00e4hlt, der zuvor als Gesch\u00e4ftsf\u00fchrer t\u00e4tig war.<\/p>\n<p>Vize-Pr\u00e4sident <strong>Martin Kr\u00f6ckel<\/strong> aus Haiger wurde im Amt best\u00e4tigt.<\/p>\n<p>Den Gesch\u00e4ftsf\u00fchrer-Posten \u00fcbernimmt <strong>Sven Arriens<\/strong>. Er war bereits im erweiterten Vorstand f\u00fcr den Verein t\u00e4tig.<\/p>\n<p>F\u00fcr die Position des Schatzmeisters wurde <strong>Christian Menn<\/strong> aus Eiserfeld gew\u00e4hlt, der diese\u00a0Aufgabe\u00a0bereits ab 01. Januar 2016 von Axel Theuer kommissarisch \u00fcbernommen hatte.<\/p>\n<p>Im erweiterten Vorstand (Kuratorium) wurden\u00a0<strong>Sarah Bickel,\u00a0Eike Jungheim,\u00a0Otto Marburger,\u00a0Sibylle Schwarz<\/strong> sowie\u00a0<strong>Helmut Sibilski<\/strong> im Amt best\u00e4tigt. Neu aufgenommen wurden\u00a0<strong>Dominik Eichbaum,\u00a0Helmut Otto<\/strong> und\u00a0<strong>Birgit Wichelhaus<\/strong>.<\/p>\n<p>Alle Positionen wurden ohne Gegenstimmen gew\u00e4hlt.<\/p>\n<p>&nbsp;<\/p>\n","protected":false},"excerpt":{"rendered":"<p>Im Rahmen der Mitgliederversammlung diesen Dienstag wurden die Vorstandsposten nach 3-j\u00e4hriger Amtszeit neu gew\u00e4hlt.\u00a0 Pr\u00e4sident J\u00f6rg M\u00fcller,\u00a0Schatzmeister Axel Theuer (\u00fcbrigens seit Gr\u00fcndung des Vereins in dieser Funktion) sowie Stefanie Schmidt verzichteten bereits im Vorfeld auf eine erneute Kandidatur.\u00a0\u00a0An dieser Stelle bedankt sich der Verein herzlich f\u00fcr die langj\u00e4hrige\u00a0konstruktive Mitarbeit im Vorstand der DAG SiWi! Als [&hellip;]<\/p>\n","protected":false},"author":4,"featured_media":0,"comment_status":"closed","ping_status":"closed","sticky":false,"template":"","format":"standard","meta":{"ngg_post_thumbnail":0,"footnotes":""},"categories":[8],"tags":[],"class_list":["post-2758","post","type-post","status-publish","format-standard","hentry","category-ankundigung"],"translation":{"provider":"WPGlobus","version":"3.0.2","language":"en","enabled_languages":["de","en"],"languages":{"de":{"title":true,"content":true,"excerpt":false},"en":{"title":false,"content":false,"excerpt":false}}},"aioseo_notices":[],"_links":{"self":[{"href":"https:\/\/www.dagsiwi.de\/en\/wp-json\/wp\/v2\/posts\/2758","targetHints":{"allow":["GET"]}}],"collection":[{"href":"https:\/\/www.dagsiwi.de\/en\/wp-json\/wp\/v2\/posts"}],"about":[{"href":"https:\/\/www.dagsiwi.de\/en\/wp-json\/wp\/v2\/types\/post"}],"author":[{"embeddable":true,"href":"https:\/\/www.dagsiwi.de\/en\/wp-json\/wp\/v2\/users\/4"}],"replies":[{"embeddable":true,"href":"https:\/\/www.dagsiwi.de\/en\/wp-json\/wp\/v2\/comments?post=2758"}],"version-history":[{"count":3,"href":"https:\/\/www.dagsiwi.de\/en\/wp-json\/wp\/v2\/posts\/2758\/revisions"}],"predecessor-version":[{"id":2804,"href":"https:\/\/www.dagsiwi.de\/en\/wp-json\/wp\/v2\/posts\/2758\/revisions\/2804"}],"wp:attachment":[{"href":"https:\/\/www.dagsiwi.de\/en\/wp-json\/wp\/v2\/media?parent=2758"}],"wp:term":[{"taxonomy":"category","embeddable":true,"href":"https:\/\/www.dagsiwi.de\/en\/wp-json\/wp\/v2\/categories?post=2758"},{"taxonomy":"post_tag","embeddable":true,"href":"https:\/\/www.dagsiwi.de\/en\/wp-json\/wp\/v2\/tags?post=2758"}],"curies":[{"name":"wp","href":"https:\/\/api.w.org\/{rel}","templated":true}]}}