{"id":2808,"date":"2016-04-23T09:56:17","date_gmt":"2016-04-23T07:56:17","guid":{"rendered":"http:\/\/www.dagsiwi.de\/?p=2808"},"modified":"2016-05-09T05:00:49","modified_gmt":"2016-05-09T03:00:49","slug":"us-generalkonsul-michael-r-keller-in-siegen","status":"publish","type":"post","link":"https:\/\/www.dagsiwi.de\/en\/2016\/04\/us-generalkonsul-michael-r-keller-in-siegen\/","title":{"rendered":"US-Generalkonsul Michael R. Keller in Siegen"},"content":{"rendered":"<p style=\"text-align: left;\">\u00a0<a href=\"http:\/\/www.dagsiwi.de\/wordpress\/wp-content\/uploads\/2016\/04\/image1-1.png\"><img loading=\"lazy\" decoding=\"async\" class=\"size-medium wp-image-2810 alignleft\" src=\"http:\/\/www.dagsiwi.de\/wordpress\/wp-content\/uploads\/2016\/04\/image1-1-213x300.png\" alt=\"image1\" width=\"213\" height=\"300\" srcset=\"https:\/\/www.dagsiwi.de\/wordpress\/wp-content\/uploads\/2016\/04\/image1-1-213x300.png 213w, https:\/\/www.dagsiwi.de\/wordpress\/wp-content\/uploads\/2016\/04\/image1-1-727x1024.png 727w, https:\/\/www.dagsiwi.de\/wordpress\/wp-content\/uploads\/2016\/04\/image1-1.png 738w\" sizes=\"auto, (max-width: 213px) 100vw, 213px\" \/><\/a>Am 09. Mai 2016 gastiert\u00a0Michael Keller erstmalig\u00a0in Siegen. Die Universit\u00e4t Siegen konnte ihn in<br \/>\nZusammenarbeit mit der Deutsch-Amerikanischen Gesellschaft Siegen-Wittgenstein f\u00fcr ein hochkar\u00e4tiges Event gewinnen: Er wird einen Vortrag mit dem Titel\u00a0<strong>\u201eThe U.S. Elections: The Road to the White House\u201c<\/strong> halten, der sich auf den aktuellen US-Wahlkampf 2016 bezieht.<\/p>\n<p>Die Veranstaltung ist \u00f6ffentlich und findet zwischen 12.15 und 13.45 im\u00a0<span style=\"text-decoration: underline;\"><strong>&#8220;Blauen H\u00f6rsaal&#8221;\u00a0(AR-D 5102)<\/strong> <\/span>der Universit\u00e4t Siegen statt.<br \/>\n<strong>ACHTUNG:<\/strong> der urspr\u00fcnglich auf dem Flyer genannte Raum (Senatssaal) wird auf Grund der erwarteten hohen Besucherzahl <strong>nicht<\/strong> genutzt werden k\u00f6nnen!<\/p>\n","protected":false},"excerpt":{"rendered":"<p>\u00a0Am 09. Mai 2016 gastiert\u00a0Michael Keller erstmalig\u00a0in Siegen. Die Universit\u00e4t Siegen konnte ihn in Zusammenarbeit mit der Deutsch-Amerikanischen Gesellschaft Siegen-Wittgenstein f\u00fcr ein hochkar\u00e4tiges Event gewinnen: Er wird einen Vortrag mit dem Titel\u00a0\u201eThe U.S. Elections: The Road to the White House\u201c halten, der sich auf den aktuellen US-Wahlkampf 2016 bezieht. Die Veranstaltung ist \u00f6ffentlich und findet [&hellip;]<\/p>\n","protected":false},"author":4,"featured_media":0,"comment_status":"closed","ping_status":"closed","sticky":false,"template":"","format":"standard","meta":{"ngg_post_thumbnail":0,"footnotes":""},"categories":[8],"tags":[],"class_list":["post-2808","post","type-post","status-publish","format-standard","hentry","category-ankundigung"],"translation":{"provider":"WPGlobus","version":"3.0.2","language":"en","enabled_languages":["de","en"],"languages":{"de":{"title":true,"content":true,"excerpt":false},"en":{"title":false,"content":false,"excerpt":false}}},"aioseo_notices":[],"_links":{"self":[{"href":"https:\/\/www.dagsiwi.de\/en\/wp-json\/wp\/v2\/posts\/2808","targetHints":{"allow":["GET"]}}],"collection":[{"href":"https:\/\/www.dagsiwi.de\/en\/wp-json\/wp\/v2\/posts"}],"about":[{"href":"https:\/\/www.dagsiwi.de\/en\/wp-json\/wp\/v2\/types\/post"}],"author":[{"embeddable":true,"href":"https:\/\/www.dagsiwi.de\/en\/wp-json\/wp\/v2\/users\/4"}],"replies":[{"embeddable":true,"href":"https:\/\/www.dagsiwi.de\/en\/wp-json\/wp\/v2\/comments?post=2808"}],"version-history":[{"count":3,"href":"https:\/\/www.dagsiwi.de\/en\/wp-json\/wp\/v2\/posts\/2808\/revisions"}],"predecessor-version":[{"id":2855,"href":"https:\/\/www.dagsiwi.de\/en\/wp-json\/wp\/v2\/posts\/2808\/revisions\/2855"}],"wp:attachment":[{"href":"https:\/\/www.dagsiwi.de\/en\/wp-json\/wp\/v2\/media?parent=2808"}],"wp:term":[{"taxonomy":"category","embeddable":true,"href":"https:\/\/www.dagsiwi.de\/en\/wp-json\/wp\/v2\/categories?post=2808"},{"taxonomy":"post_tag","embeddable":true,"href":"https:\/\/www.dagsiwi.de\/en\/wp-json\/wp\/v2\/tags?post=2808"}],"curies":[{"name":"wp","href":"https:\/\/api.w.org\/{rel}","templated":true}]}}