{"id":2845,"date":"2016-05-09T01:10:29","date_gmt":"2016-05-08T23:10:29","guid":{"rendered":"http:\/\/www.dagsiwi.de\/?p=2845"},"modified":"2016-05-09T04:25:01","modified_gmt":"2016-05-09T02:25:01","slug":"dag-siwi-praesident-volker-schuettenhelm-zum-vdac-vize-gewaehlt","status":"publish","type":"post","link":"https:\/\/www.dagsiwi.de\/en\/2016\/05\/dag-siwi-praesident-volker-schuettenhelm-zum-vdac-vize-gewaehlt\/","title":{"rendered":"DAG SiWi-Pr\u00e4sident Volker Sch\u00fcttenhelm zum VDAC-Vize gew\u00e4hlt!"},"content":{"rendered":"<p><a href=\"http:\/\/www.dagsiwi.de\/wordpress\/wp-content\/uploads\/2016\/05\/image.jpeg\"><img loading=\"lazy\" decoding=\"async\" class=\"alignright wp-image-2846 size-medium\" src=\"http:\/\/www.dagsiwi.de\/wordpress\/wp-content\/uploads\/2016\/05\/image-300x200.jpeg\" width=\"300\" height=\"200\" srcset=\"https:\/\/www.dagsiwi.de\/wordpress\/wp-content\/uploads\/2016\/05\/image-300x200.jpeg 300w, https:\/\/www.dagsiwi.de\/wordpress\/wp-content\/uploads\/2016\/05\/image-768x512.jpeg 768w, https:\/\/www.dagsiwi.de\/wordpress\/wp-content\/uploads\/2016\/05\/image-1024x683.jpeg 1024w, https:\/\/www.dagsiwi.de\/wordpress\/wp-content\/uploads\/2016\/05\/image.jpeg 2048w\" sizes=\"auto, (max-width: 300px) 100vw, 300px\" \/><\/a><\/p>\n<p>Volker Sch\u00fcttenhelm wurde am Wochende auf der VDAC-Convention in Berlin einstimmig\u00a0zum Vizepr\u00e4sidenten gew\u00e4hlt. Die DAG SiWi gratuliert herzlich und w\u00fcnscht gutes Gelingen bei der 2-j\u00e4hrigen Amtszeit!<br \/>\nIm 1948 gegr\u00fcndeten\u00a0&#8220;<a href=\"http:\/\/www.vdac.de\">Verband der Deutsch-Amerikanischen Clubs<\/a>&#8221; sind 27 Gesellschaften mit fast 3000 Menschen\u00a0aus ganz Deutschland organisiert.<\/p>\n<p>Bild v.l.n.r.:<\/p>\n<p>Mike Pilewski (Studentenaustausch),\u00a0Kai Zimmermann (Schatzmeister),\u00a0Sigrid Behnke-Dewath (Pr\u00e4sidentin),\u00a0Volker Sch\u00fcttenhelm (Vizepr\u00e4sident),\u00a0Dana Kittel (Gazette-Redakteurin),\u00a0Anja Seitz (Alumnikoordinatorin), \u00a0Brigitte Leverenz (Event Chairperson)<\/p>\n","protected":false},"excerpt":{"rendered":"<p>Volker Sch\u00fcttenhelm wurde am Wochende auf der VDAC-Convention in Berlin einstimmig\u00a0zum Vizepr\u00e4sidenten gew\u00e4hlt. Die DAG SiWi gratuliert herzlich und w\u00fcnscht gutes Gelingen bei der 2-j\u00e4hrigen Amtszeit! Im 1948 gegr\u00fcndeten\u00a0&#8220;Verband der Deutsch-Amerikanischen Clubs&#8221; sind 27 Gesellschaften mit fast 3000 Menschen\u00a0aus ganz Deutschland organisiert. Bild v.l.n.r.: Mike Pilewski (Studentenaustausch),\u00a0Kai Zimmermann (Schatzmeister),\u00a0Sigrid Behnke-Dewath (Pr\u00e4sidentin),\u00a0Volker Sch\u00fcttenhelm (Vizepr\u00e4sident),\u00a0Dana Kittel (Gazette-Redakteurin),\u00a0Anja [&hellip;]<\/p>\n","protected":false},"author":4,"featured_media":0,"comment_status":"closed","ping_status":"closed","sticky":false,"template":"","format":"standard","meta":{"ngg_post_thumbnail":0,"footnotes":""},"categories":[1],"tags":[],"class_list":["post-2845","post","type-post","status-publish","format-standard","hentry","category-allgemein"],"translation":{"provider":"WPGlobus","version":"3.0.2","language":"en","enabled_languages":["de","en"],"languages":{"de":{"title":true,"content":true,"excerpt":false},"en":{"title":false,"content":false,"excerpt":false}}},"aioseo_notices":[],"_links":{"self":[{"href":"https:\/\/www.dagsiwi.de\/en\/wp-json\/wp\/v2\/posts\/2845","targetHints":{"allow":["GET"]}}],"collection":[{"href":"https:\/\/www.dagsiwi.de\/en\/wp-json\/wp\/v2\/posts"}],"about":[{"href":"https:\/\/www.dagsiwi.de\/en\/wp-json\/wp\/v2\/types\/post"}],"author":[{"embeddable":true,"href":"https:\/\/www.dagsiwi.de\/en\/wp-json\/wp\/v2\/users\/4"}],"replies":[{"embeddable":true,"href":"https:\/\/www.dagsiwi.de\/en\/wp-json\/wp\/v2\/comments?post=2845"}],"version-history":[{"count":6,"href":"https:\/\/www.dagsiwi.de\/en\/wp-json\/wp\/v2\/posts\/2845\/revisions"}],"predecessor-version":[{"id":2853,"href":"https:\/\/www.dagsiwi.de\/en\/wp-json\/wp\/v2\/posts\/2845\/revisions\/2853"}],"wp:attachment":[{"href":"https:\/\/www.dagsiwi.de\/en\/wp-json\/wp\/v2\/media?parent=2845"}],"wp:term":[{"taxonomy":"category","embeddable":true,"href":"https:\/\/www.dagsiwi.de\/en\/wp-json\/wp\/v2\/categories?post=2845"},{"taxonomy":"post_tag","embeddable":true,"href":"https:\/\/www.dagsiwi.de\/en\/wp-json\/wp\/v2\/tags?post=2845"}],"curies":[{"name":"wp","href":"https:\/\/api.w.org\/{rel}","templated":true}]}}