{"id":2856,"date":"2016-05-11T13:32:46","date_gmt":"2016-05-11T11:32:46","guid":{"rendered":"http:\/\/www.dagsiwi.de\/?p=2856"},"modified":"2016-05-11T13:42:21","modified_gmt":"2016-05-11T11:42:21","slug":"u-s-generalkonsul-zum-antrittsbesuch-in-siegen","status":"publish","type":"post","link":"https:\/\/www.dagsiwi.de\/en\/2016\/05\/u-s-generalkonsul-zum-antrittsbesuch-in-siegen\/","title":{"rendered":"U.S. Generalkonsul zum Antrittsbesuch in Siegen"},"content":{"rendered":"<div id=\"attachment_2857\" style=\"width: 310px\" class=\"wp-caption alignright\"><a href=\"http:\/\/www.dagsiwi.de\/wordpress\/wp-content\/uploads\/2016\/05\/KonsulKeller_DAG_klein.jpg\"><img loading=\"lazy\" decoding=\"async\" aria-describedby=\"caption-attachment-2857\" class=\"wp-image-2857 size-medium\" src=\"http:\/\/www.dagsiwi.de\/wordpress\/wp-content\/uploads\/2016\/05\/KonsulKeller_DAG_klein-300x208.jpg\" alt=\"KonsulKeller_DAG_klein\" width=\"300\" height=\"208\" srcset=\"https:\/\/www.dagsiwi.de\/wordpress\/wp-content\/uploads\/2016\/05\/KonsulKeller_DAG_klein-300x208.jpg 300w, https:\/\/www.dagsiwi.de\/wordpress\/wp-content\/uploads\/2016\/05\/KonsulKeller_DAG_klein-768x532.jpg 768w, https:\/\/www.dagsiwi.de\/wordpress\/wp-content\/uploads\/2016\/05\/KonsulKeller_DAG_klein-1024x710.jpg 1024w\" sizes=\"auto, (max-width: 300px) 100vw, 300px\" \/><\/a><p id=\"caption-attachment-2857\" class=\"wp-caption-text\">v.l.: Prof. Dr. Daniel Stein, Volker Sch\u00fcttenhelm (DAG Pr\u00e4sident), Michael R. Keller (U.S.-Generalkonsul)<\/p><\/div>\n<p style=\"text-align: left;\">\u201eOutreach to Siegen\u201c, stand im Kalender des U.S.-Generalkonsuls Michael R. Keller in dieser Woche, was mit \u201efreundliche Kontaktaufnahme mit Siegen\u201c \u00fcbersetzt werden kann. In Kooperation\u00a0unserer Gesellschaft mit Prof. Dr. Stein vom Fachbereich Amerikanistik der Universit\u00e4t Siegen, kam der Diplomat aus D\u00fcsseldorf zun\u00e4chst nach Weidenau, um mit Studenten der Uni und Sch\u00fclern des Dietrich Bonhoeffer Gymnasium aus Neunkirchen \u00fcber den U.S.-Wahlkampf zu reden. Dabei nahm sich Herr Keller fast 2 Stunden Zeit f\u00fcr die jungen Menschen. Nach einem gut verst\u00e4ndlichen Vortrag in Englisch, konnten die interessierten Zuh\u00f6rer in eine lebhafte Diskussionsrunde mit dem hohen Diplomaten eintreten.<br \/>\nDanach besuchte Herr Keller B\u00fcrgermeister Steffen Mues und Landrat Andreas M\u00fcller im Kreishaus, wo er sich in das goldene Buch eintrug und ein goldenes Modell des Kr\u00f6nchens mit nach D\u00fcsseldorf nehmen durfte. Zum Abschluss nahm Herr Keller als Ehrengast beim Au\u00dfenwirtschafts-Treffen der IHK Siegen mit 30 Unternehmern aus der Region teil, bei dem der Gespr\u00e4chsaustausch um die Themen TTIP, Exportchancen und -herausforderungen auf beiden Seiten des Atlantiks ging. Der Gesch\u00e4ftsf\u00fchrer der Krah-Gruppe, Christian Herrmann, f\u00fchrte die Delegation durch die Betriebsst\u00e4tten des Unternehmens. Wir bedanken uns recht herzlich f\u00fcr die exzellente Zusammenarbeit des U.S. Generalkonsulats in D\u00fcsseldorf mit unserer Gesellschaft, insbesondere Frau Tatzelt vom Planungsteam. Thank you Consul General Keller for being here!<\/p>\n","protected":false},"excerpt":{"rendered":"<p>\u201eOutreach to Siegen\u201c, stand im Kalender des U.S.-Generalkonsuls Michael R. Keller in dieser Woche, was mit \u201efreundliche Kontaktaufnahme mit Siegen\u201c \u00fcbersetzt werden kann. In Kooperation\u00a0unserer Gesellschaft mit Prof. Dr. Stein vom Fachbereich Amerikanistik der Universit\u00e4t Siegen, kam der Diplomat aus D\u00fcsseldorf zun\u00e4chst nach Weidenau, um mit Studenten der Uni und Sch\u00fclern des Dietrich Bonhoeffer Gymnasium [&hellip;]<\/p>\n","protected":false},"author":5,"featured_media":0,"comment_status":"closed","ping_status":"closed","sticky":false,"template":"","format":"standard","meta":{"ngg_post_thumbnail":0,"footnotes":""},"categories":[1],"tags":[],"class_list":["post-2856","post","type-post","status-publish","format-standard","hentry","category-allgemein"],"translation":{"provider":"WPGlobus","version":"3.0.2","language":"en","enabled_languages":["de","en"],"languages":{"de":{"title":true,"content":true,"excerpt":false},"en":{"title":false,"content":false,"excerpt":false}}},"aioseo_notices":[],"_links":{"self":[{"href":"https:\/\/www.dagsiwi.de\/en\/wp-json\/wp\/v2\/posts\/2856","targetHints":{"allow":["GET"]}}],"collection":[{"href":"https:\/\/www.dagsiwi.de\/en\/wp-json\/wp\/v2\/posts"}],"about":[{"href":"https:\/\/www.dagsiwi.de\/en\/wp-json\/wp\/v2\/types\/post"}],"author":[{"embeddable":true,"href":"https:\/\/www.dagsiwi.de\/en\/wp-json\/wp\/v2\/users\/5"}],"replies":[{"embeddable":true,"href":"https:\/\/www.dagsiwi.de\/en\/wp-json\/wp\/v2\/comments?post=2856"}],"version-history":[{"count":3,"href":"https:\/\/www.dagsiwi.de\/en\/wp-json\/wp\/v2\/posts\/2856\/revisions"}],"predecessor-version":[{"id":2860,"href":"https:\/\/www.dagsiwi.de\/en\/wp-json\/wp\/v2\/posts\/2856\/revisions\/2860"}],"wp:attachment":[{"href":"https:\/\/www.dagsiwi.de\/en\/wp-json\/wp\/v2\/media?parent=2856"}],"wp:term":[{"taxonomy":"category","embeddable":true,"href":"https:\/\/www.dagsiwi.de\/en\/wp-json\/wp\/v2\/categories?post=2856"},{"taxonomy":"post_tag","embeddable":true,"href":"https:\/\/www.dagsiwi.de\/en\/wp-json\/wp\/v2\/tags?post=2856"}],"curies":[{"name":"wp","href":"https:\/\/api.w.org\/{rel}","templated":true}]}}