{"id":3064,"date":"2016-10-12T23:28:52","date_gmt":"2016-10-12T21:28:52","guid":{"rendered":"http:\/\/www.dagsiwi.de\/?p=3064"},"modified":"2016-10-12T23:49:22","modified_gmt":"2016-10-12T21:49:22","slug":"friedrich-merz-erhaelt-lucius-clay-medaille","status":"publish","type":"post","link":"https:\/\/www.dagsiwi.de\/en\/2016\/10\/friedrich-merz-erhaelt-lucius-clay-medaille\/","title":{"rendered":"Friedrich Merz erh\u00e4lt Lucius Clay-Medaille"},"content":{"rendered":"<div id=\"attachment_3044\" style=\"width: 283px\" class=\"wp-caption alignleft\"><a href=\"http:\/\/www.dagsiwi.de\/wordpress\/wp-content\/uploads\/2016\/10\/schuettenhelm_merz.jpg\"><img loading=\"lazy\" decoding=\"async\" aria-describedby=\"caption-attachment-3044\" class=\"wp-image-3044\" src=\"http:\/\/www.dagsiwi.de\/wordpress\/wp-content\/uploads\/2016\/10\/schuettenhelm_merz-300x288.jpg\" alt=\"schuettenhelm_merz\" width=\"273\" height=\"262\" srcset=\"https:\/\/www.dagsiwi.de\/wordpress\/wp-content\/uploads\/2016\/10\/schuettenhelm_merz-300x288.jpg 300w, https:\/\/www.dagsiwi.de\/wordpress\/wp-content\/uploads\/2016\/10\/schuettenhelm_merz-768x738.jpg 768w, https:\/\/www.dagsiwi.de\/wordpress\/wp-content\/uploads\/2016\/10\/schuettenhelm_merz-1024x984.jpg 1024w\" sizes=\"auto, (max-width: 273px) 100vw, 273px\" \/><\/a><p id=\"caption-attachment-3044\" class=\"wp-caption-text\">v.l. Volker Sch\u00fcttenhelm, Friedrich Merz<\/p><\/div>\n<p>&nbsp;<\/p>\n<p>Am letzten Wochenende beging unser Dachverband \u201eVerband der Deutsch-Amerikanischen Clubs\u201c (VDAC) mit einer feierlichen Zeremonie den Deutsch-Amerikanischen Tag in M\u00fcnchen. Der VDAC zeichnete Friedrich Merz, Vorsitzender der Stiftung Atlantik-Br\u00fccke, mit der Lucius D. Clay Medaille aus, die ihm im M\u00fcnchner Rathaus \u00fcbergeben wurde.<br \/>\nUS-Botschafter John B. Emerson, der extra aus Berlin nach M\u00fcnchen reiste, ehrte Merz in seiner Laudatio f\u00fcr seine<\/p>\n<div id=\"attachment_3043\" style=\"width: 291px\" class=\"wp-caption alignright\"><a href=\"http:\/\/www.dagsiwi.de\/wordpress\/wp-content\/uploads\/2016\/10\/schuettenhelm_emerson.jpg\"><img loading=\"lazy\" decoding=\"async\" aria-describedby=\"caption-attachment-3043\" class=\"wp-image-3043\" src=\"http:\/\/www.dagsiwi.de\/wordpress\/wp-content\/uploads\/2016\/10\/schuettenhelm_emerson-300x274.jpg\" alt=\"v.l. Volker Sch\u00fcttenhelm U.S. Botschafter Emerson\" width=\"281\" height=\"257\" srcset=\"https:\/\/www.dagsiwi.de\/wordpress\/wp-content\/uploads\/2016\/10\/schuettenhelm_emerson-300x274.jpg 300w, https:\/\/www.dagsiwi.de\/wordpress\/wp-content\/uploads\/2016\/10\/schuettenhelm_emerson-768x702.jpg 768w, https:\/\/www.dagsiwi.de\/wordpress\/wp-content\/uploads\/2016\/10\/schuettenhelm_emerson-1024x936.jpg 1024w\" sizes=\"auto, (max-width: 281px) 100vw, 281px\" \/><\/a><p id=\"caption-attachment-3043\" class=\"wp-caption-text\">v.l. Volker Sch\u00fcttenhelm<br \/> U.S. Botschafter John Emerson<\/p><\/div>\n<p>Rolle in der Festigung und Vermittlung der Deutsch-Amerikanischen Freundschaft. Unsere<br \/>\nGesellschaft wurde vertreten durch Pr\u00e4sident Volker Sch\u00fcttenhelm, der gleichzeitig auch Vize-Pr\u00e4sident unseres Dachverbandes VDAC ist. Die\u00a0hervorragende musikalische Begleitung wurde von der Siegerl\u00e4nder Mezzosopranistin <a href=\"http:\/\/www.susanne-kelling.de\">Susanne Kelling <\/a>auf die B\u00fchne gebracht.<\/p>\n<p>&nbsp;<\/p>\n<p>&nbsp;<\/p>\n","protected":false},"excerpt":{"rendered":"<p>&nbsp; Am letzten Wochenende beging unser Dachverband \u201eVerband der Deutsch-Amerikanischen Clubs\u201c (VDAC) mit einer feierlichen Zeremonie den Deutsch-Amerikanischen Tag in M\u00fcnchen. Der VDAC zeichnete Friedrich Merz, Vorsitzender der Stiftung Atlantik-Br\u00fccke, mit der Lucius D. Clay Medaille aus, die ihm im M\u00fcnchner Rathaus \u00fcbergeben wurde. US-Botschafter John B. Emerson, der extra aus Berlin nach M\u00fcnchen reiste, [&hellip;]<\/p>\n","protected":false},"author":5,"featured_media":0,"comment_status":"closed","ping_status":"closed","sticky":false,"template":"","format":"standard","meta":{"ngg_post_thumbnail":0,"footnotes":""},"categories":[1],"tags":[],"class_list":["post-3064","post","type-post","status-publish","format-standard","hentry","category-allgemein"],"translation":{"provider":"WPGlobus","version":"3.0.2","language":"en","enabled_languages":["de","en"],"languages":{"de":{"title":true,"content":true,"excerpt":false},"en":{"title":false,"content":false,"excerpt":false}}},"aioseo_notices":[],"_links":{"self":[{"href":"https:\/\/www.dagsiwi.de\/en\/wp-json\/wp\/v2\/posts\/3064","targetHints":{"allow":["GET"]}}],"collection":[{"href":"https:\/\/www.dagsiwi.de\/en\/wp-json\/wp\/v2\/posts"}],"about":[{"href":"https:\/\/www.dagsiwi.de\/en\/wp-json\/wp\/v2\/types\/post"}],"author":[{"embeddable":true,"href":"https:\/\/www.dagsiwi.de\/en\/wp-json\/wp\/v2\/users\/5"}],"replies":[{"embeddable":true,"href":"https:\/\/www.dagsiwi.de\/en\/wp-json\/wp\/v2\/comments?post=3064"}],"version-history":[{"count":7,"href":"https:\/\/www.dagsiwi.de\/en\/wp-json\/wp\/v2\/posts\/3064\/revisions"}],"predecessor-version":[{"id":3071,"href":"https:\/\/www.dagsiwi.de\/en\/wp-json\/wp\/v2\/posts\/3064\/revisions\/3071"}],"wp:attachment":[{"href":"https:\/\/www.dagsiwi.de\/en\/wp-json\/wp\/v2\/media?parent=3064"}],"wp:term":[{"taxonomy":"category","embeddable":true,"href":"https:\/\/www.dagsiwi.de\/en\/wp-json\/wp\/v2\/categories?post=3064"},{"taxonomy":"post_tag","embeddable":true,"href":"https:\/\/www.dagsiwi.de\/en\/wp-json\/wp\/v2\/tags?post=3064"}],"curies":[{"name":"wp","href":"https:\/\/api.w.org\/{rel}","templated":true}]}}