{"id":3082,"date":"2016-11-10T14:24:25","date_gmt":"2016-11-10T13:24:25","guid":{"rendered":"http:\/\/www.dagsiwi.de\/?p=3082"},"modified":"2016-11-10T14:24:25","modified_gmt":"2016-11-10T13:24:25","slug":"interview-radio-siegen-zum-ausgang-der-us-wahl-2016","status":"publish","type":"post","link":"https:\/\/www.dagsiwi.de\/en\/2016\/11\/interview-radio-siegen-zum-ausgang-der-us-wahl-2016\/","title":{"rendered":"Interview Radio Siegen zum Ausgang der US-Wahl 2016"},"content":{"rendered":"<p>DAG SiWi Pr\u00e4sident Volker Sch\u00fcttenhelm war heute morgen zu Gast bei Radio Siegen und hat das Ergebnis der US-Wahl kommentiert.<\/p>\n<p>Das Interview k\u00f6nnen Sie sich hier anh\u00f6ren:<\/p>\n<audio class=\"wp-audio-shortcode\" id=\"audio-3082-1\" preload=\"none\" style=\"width: 100%;\" controls=\"controls\"><source type=\"audio\/mpeg\" src=\"http:\/\/www.dagsiwi.de\/wordpress\/wp-content\/uploads\/2016\/11\/2016_Radio-Siegen-Mitschnitt-Interview-US-Wahl.mp3?_=1\" \/><a href=\"http:\/\/www.dagsiwi.de\/wordpress\/wp-content\/uploads\/2016\/11\/2016_Radio-Siegen-Mitschnitt-Interview-US-Wahl.mp3\">http:\/\/www.dagsiwi.de\/wordpress\/wp-content\/uploads\/2016\/11\/2016_Radio-Siegen-Mitschnitt-Interview-US-Wahl.mp3<\/a><\/audio>\n","protected":false},"excerpt":{"rendered":"<p>DAG SiWi Pr\u00e4sident Volker Sch\u00fcttenhelm war heute morgen zu Gast bei Radio Siegen und hat das Ergebnis der US-Wahl kommentiert. Das Interview k\u00f6nnen Sie sich hier anh\u00f6ren:<\/p>\n","protected":false},"author":4,"featured_media":0,"comment_status":"closed","ping_status":"closed","sticky":false,"template":"","format":"standard","meta":{"ngg_post_thumbnail":0,"footnotes":""},"categories":[1],"tags":[],"class_list":["post-3082","post","type-post","status-publish","format-standard","hentry","category-allgemein"],"translation":{"provider":"WPGlobus","version":"3.0.2","language":"en","enabled_languages":["de","en"],"languages":{"de":{"title":true,"content":true,"excerpt":false},"en":{"title":false,"content":false,"excerpt":false}}},"aioseo_notices":[],"_links":{"self":[{"href":"https:\/\/www.dagsiwi.de\/en\/wp-json\/wp\/v2\/posts\/3082","targetHints":{"allow":["GET"]}}],"collection":[{"href":"https:\/\/www.dagsiwi.de\/en\/wp-json\/wp\/v2\/posts"}],"about":[{"href":"https:\/\/www.dagsiwi.de\/en\/wp-json\/wp\/v2\/types\/post"}],"author":[{"embeddable":true,"href":"https:\/\/www.dagsiwi.de\/en\/wp-json\/wp\/v2\/users\/4"}],"replies":[{"embeddable":true,"href":"https:\/\/www.dagsiwi.de\/en\/wp-json\/wp\/v2\/comments?post=3082"}],"version-history":[{"count":1,"href":"https:\/\/www.dagsiwi.de\/en\/wp-json\/wp\/v2\/posts\/3082\/revisions"}],"predecessor-version":[{"id":3084,"href":"https:\/\/www.dagsiwi.de\/en\/wp-json\/wp\/v2\/posts\/3082\/revisions\/3084"}],"wp:attachment":[{"href":"https:\/\/www.dagsiwi.de\/en\/wp-json\/wp\/v2\/media?parent=3082"}],"wp:term":[{"taxonomy":"category","embeddable":true,"href":"https:\/\/www.dagsiwi.de\/en\/wp-json\/wp\/v2\/categories?post=3082"},{"taxonomy":"post_tag","embeddable":true,"href":"https:\/\/www.dagsiwi.de\/en\/wp-json\/wp\/v2\/tags?post=3082"}],"curies":[{"name":"wp","href":"https:\/\/api.w.org\/{rel}","templated":true}]}}