{"id":3265,"date":"2017-03-22T18:55:57","date_gmt":"2017-03-22T17:55:57","guid":{"rendered":"http:\/\/www.dagsiwi.de\/?p=3265"},"modified":"2017-06-05T19:30:11","modified_gmt":"2017-06-05T17:30:11","slug":"4th-of-july-barbecue-2017","status":"publish","type":"post","link":"https:\/\/www.dagsiwi.de\/en\/2017\/03\/4th-of-july-barbecue-2017\/","title":{"rendered":"4th of July Barbecue 2017"},"content":{"rendered":"<div id=\"attachment_3268\" style=\"width: 310px\" class=\"wp-caption alignright\"><a href=\"http:\/\/www.dagsiwi.de\/wordpress\/wp-content\/uploads\/2017\/03\/5903971444_a988b7db85_b.jpg\"><img loading=\"lazy\" decoding=\"async\" aria-describedby=\"caption-attachment-3268\" class=\"size-medium wp-image-3268\" src=\"http:\/\/www.dagsiwi.de\/wordpress\/wp-content\/uploads\/2017\/03\/5903971444_a988b7db85_b-300x199.jpg\" alt=\"\" width=\"300\" height=\"199\" srcset=\"https:\/\/www.dagsiwi.de\/wordpress\/wp-content\/uploads\/2017\/03\/5903971444_a988b7db85_b-300x199.jpg 300w, https:\/\/www.dagsiwi.de\/wordpress\/wp-content\/uploads\/2017\/03\/5903971444_a988b7db85_b-768x509.jpg 768w, https:\/\/www.dagsiwi.de\/wordpress\/wp-content\/uploads\/2017\/03\/5903971444_a988b7db85_b.jpg 1024w\" sizes=\"auto, (max-width: 300px) 100vw, 300px\" \/><\/a><p id=\"caption-attachment-3268\" class=\"wp-caption-text\">Foto: William Marlow<\/p><\/div>\n<p>Die 2004 gegr\u00fcndete Deutsch-Amerikanische Gesellschaft Siegerland-Wittgenstein veranstaltet im Sommer 2017 anl\u00e4sslich des 241. Jahrestages der<br \/>\nUnabh\u00e4ngigkeitserkl\u00e4rung der USA erstmalig eine <strong>\u201e4th of July\u201c-Party<\/strong> mit einem amerikanisch inspirierten Barbecue. Geplant ist, auf der<br \/>\nG\u00e4steterrasse des Hotels Grillspeziali\u00e4ten zu genie\u00dfen und zu feiern (sollte das Wetter wider Erwarten nicht mitspielen, steht der neu gestaltete Gesellschaftsraum des Restaurants zur Verf\u00fcgung).<\/p>\n<div id=\"attachment_3272\" style=\"width: 310px\" class=\"wp-caption alignleft\"><a href=\"http:\/\/www.dagsiwi.de\/wordpress\/wp-content\/uploads\/2017\/03\/tit_biergarten_1.jpg\"><img loading=\"lazy\" decoding=\"async\" aria-describedby=\"caption-attachment-3272\" class=\"wp-image-3272 size-medium\" src=\"http:\/\/www.dagsiwi.de\/wordpress\/wp-content\/uploads\/2017\/03\/tit_biergarten_1-300x138.jpg\" alt=\"\" width=\"300\" height=\"138\" srcset=\"https:\/\/www.dagsiwi.de\/wordpress\/wp-content\/uploads\/2017\/03\/tit_biergarten_1-300x138.jpg 300w, https:\/\/www.dagsiwi.de\/wordpress\/wp-content\/uploads\/2017\/03\/tit_biergarten_1.jpg 647w\" sizes=\"auto, (max-width: 300px) 100vw, 300px\" \/><\/a><p id=\"caption-attachment-3272\" class=\"wp-caption-text\">Foto: Tommis Restaurant<\/p><\/div>\n<p>Der Termin in zeitlicher N\u00e4he zum tats\u00e4chlichen amerikanischen Feiertag \u201eIndependence Day\u201c (4th of July) ist dabei bewusst gew\u00e4hlt, was auch f\u00fcr die Auswahl der Leckerbissen von Grill und Buffet gilt. Die G\u00e4ste erwartet eine ebenso fantasie- wie gehaltvolle Auswahl an frischen Burgern, Steaks und Spareribs mit einer reichhaltigen Auswahl an Salaten und frischen, saisonalen Beilagen. Hausherr Thomas Kahmer wird eigens zu diesem Anlass eine feine Auswahl kalifornischer Weine, haupts\u00e4chlich aus dem 300 km langen Central Valley zwischen San Francisco und Los Angeles, als prunkende und raffinierte Begleiter<br \/>\ndes Essens im Ausschank haben.<\/p>\n<p>S\u00e4mtliche Informationen und die M\u00f6glichkeit zur Anmeldung finden Sie <a href=\"http:\/\/www.dagsiwi.de\/?event=4th-of-july-barbecue-event-dag-siwi\">hier<\/a>!<\/p>\n","protected":false},"excerpt":{"rendered":"<p>Die 2004 gegr\u00fcndete Deutsch-Amerikanische Gesellschaft Siegerland-Wittgenstein veranstaltet im Sommer 2017 anl\u00e4sslich des 241. Jahrestages der Unabh\u00e4ngigkeitserkl\u00e4rung der USA erstmalig eine \u201e4th of July\u201c-Party mit einem amerikanisch inspirierten Barbecue. Geplant ist, auf der G\u00e4steterrasse des Hotels Grillspeziali\u00e4ten zu genie\u00dfen und zu feiern (sollte das Wetter wider Erwarten nicht mitspielen, steht der neu gestaltete Gesellschaftsraum des Restaurants [&hellip;]<\/p>\n","protected":false},"author":4,"featured_media":0,"comment_status":"closed","ping_status":"closed","sticky":false,"template":"","format":"standard","meta":{"ngg_post_thumbnail":0,"footnotes":""},"categories":[8],"tags":[],"class_list":["post-3265","post","type-post","status-publish","format-standard","hentry","category-ankundigung"],"translation":{"provider":"WPGlobus","version":"3.0.2","language":"en","enabled_languages":["de","en"],"languages":{"de":{"title":true,"content":true,"excerpt":false},"en":{"title":false,"content":false,"excerpt":false}}},"aioseo_notices":[],"_links":{"self":[{"href":"https:\/\/www.dagsiwi.de\/en\/wp-json\/wp\/v2\/posts\/3265","targetHints":{"allow":["GET"]}}],"collection":[{"href":"https:\/\/www.dagsiwi.de\/en\/wp-json\/wp\/v2\/posts"}],"about":[{"href":"https:\/\/www.dagsiwi.de\/en\/wp-json\/wp\/v2\/types\/post"}],"author":[{"embeddable":true,"href":"https:\/\/www.dagsiwi.de\/en\/wp-json\/wp\/v2\/users\/4"}],"replies":[{"embeddable":true,"href":"https:\/\/www.dagsiwi.de\/en\/wp-json\/wp\/v2\/comments?post=3265"}],"version-history":[{"count":6,"href":"https:\/\/www.dagsiwi.de\/en\/wp-json\/wp\/v2\/posts\/3265\/revisions"}],"predecessor-version":[{"id":3386,"href":"https:\/\/www.dagsiwi.de\/en\/wp-json\/wp\/v2\/posts\/3265\/revisions\/3386"}],"wp:attachment":[{"href":"https:\/\/www.dagsiwi.de\/en\/wp-json\/wp\/v2\/media?parent=3265"}],"wp:term":[{"taxonomy":"category","embeddable":true,"href":"https:\/\/www.dagsiwi.de\/en\/wp-json\/wp\/v2\/categories?post=3265"},{"taxonomy":"post_tag","embeddable":true,"href":"https:\/\/www.dagsiwi.de\/en\/wp-json\/wp\/v2\/tags?post=3265"}],"curies":[{"name":"wp","href":"https:\/\/api.w.org\/{rel}","templated":true}]}}