{"id":3527,"date":"2017-08-01T08:48:09","date_gmt":"2017-08-01T06:48:09","guid":{"rendered":"http:\/\/www.dagsiwi.de\/?p=3527"},"modified":"2017-08-01T08:48:09","modified_gmt":"2017-08-01T06:48:09","slug":"gazette-2-2017-veroeffentlicht","status":"publish","type":"post","link":"https:\/\/www.dagsiwi.de\/en\/2017\/08\/gazette-2-2017-veroeffentlicht\/","title":{"rendered":"Gazette 2 \/ 2017 ver\u00f6ffentlicht"},"content":{"rendered":"<p><a href=\"http:\/\/www.dagsiwi.de\/wordpress\/wp-content\/uploads\/2017\/08\/2017-08-01-08_47_32-Gazette-_-VDAC.png\"><img loading=\"lazy\" decoding=\"async\" class=\"size-full wp-image-3528 alignleft\" src=\"http:\/\/www.dagsiwi.de\/wordpress\/wp-content\/uploads\/2017\/08\/2017-08-01-08_47_32-Gazette-_-VDAC.png\" alt=\"\" width=\"156\" height=\"215\"><\/a>In der VDAC-Verbandszeitschrift Gazette findet die DAG SiWi auch in der Juli 2017-Ausgabe Erw\u00e4hnung. Auf den Seiten 31 bis 33 wird \u00fcber unsere Aktivit\u00e4ten berichtet.<\/p>\n<p><strong>Download unter<\/strong><\/p>\n<p><a href=\"http:\/\/www.vdac.de\/news-events\/gazette.html\" target=\"_blank\" rel=\"noopener\">http:\/\/www.vdac.de\/news-events\/gazette.html<\/a><\/p>\n","protected":false},"excerpt":{"rendered":"<p>In der VDAC-Verbandszeitschrift Gazette findet die DAG SiWi auch in der Juli 2017-Ausgabe Erw\u00e4hnung. Auf den Seiten 31 bis 33 wird \u00fcber unsere Aktivit\u00e4ten berichtet. Download unter http:\/\/www.vdac.de\/news-events\/gazette.html<\/p>\n","protected":false},"author":4,"featured_media":0,"comment_status":"closed","ping_status":"closed","sticky":false,"template":"","format":"standard","meta":{"ngg_post_thumbnail":0,"footnotes":""},"categories":[1],"tags":[],"class_list":["post-3527","post","type-post","status-publish","format-standard","hentry","category-allgemein"],"translation":{"provider":"WPGlobus","version":"3.0.2","language":"en","enabled_languages":["de","en"],"languages":{"de":{"title":true,"content":true,"excerpt":false},"en":{"title":false,"content":false,"excerpt":false}}},"aioseo_notices":[],"_links":{"self":[{"href":"https:\/\/www.dagsiwi.de\/en\/wp-json\/wp\/v2\/posts\/3527","targetHints":{"allow":["GET"]}}],"collection":[{"href":"https:\/\/www.dagsiwi.de\/en\/wp-json\/wp\/v2\/posts"}],"about":[{"href":"https:\/\/www.dagsiwi.de\/en\/wp-json\/wp\/v2\/types\/post"}],"author":[{"embeddable":true,"href":"https:\/\/www.dagsiwi.de\/en\/wp-json\/wp\/v2\/users\/4"}],"replies":[{"embeddable":true,"href":"https:\/\/www.dagsiwi.de\/en\/wp-json\/wp\/v2\/comments?post=3527"}],"version-history":[{"count":1,"href":"https:\/\/www.dagsiwi.de\/en\/wp-json\/wp\/v2\/posts\/3527\/revisions"}],"predecessor-version":[{"id":3529,"href":"https:\/\/www.dagsiwi.de\/en\/wp-json\/wp\/v2\/posts\/3527\/revisions\/3529"}],"wp:attachment":[{"href":"https:\/\/www.dagsiwi.de\/en\/wp-json\/wp\/v2\/media?parent=3527"}],"wp:term":[{"taxonomy":"category","embeddable":true,"href":"https:\/\/www.dagsiwi.de\/en\/wp-json\/wp\/v2\/categories?post=3527"},{"taxonomy":"post_tag","embeddable":true,"href":"https:\/\/www.dagsiwi.de\/en\/wp-json\/wp\/v2\/tags?post=3527"}],"curies":[{"name":"wp","href":"https:\/\/api.w.org\/{rel}","templated":true}]}}