{"id":4015,"date":"2019-01-23T08:05:32","date_gmt":"2019-01-23T07:05:32","guid":{"rendered":"http:\/\/www.dagsiwi.de\/?p=4015"},"modified":"2019-01-23T08:05:35","modified_gmt":"2019-01-23T07:05:35","slug":"besichtigung-der-siegener-polizei-am-30-januar-2019","status":"publish","type":"post","link":"https:\/\/www.dagsiwi.de\/en\/2019\/01\/besichtigung-der-siegener-polizei-am-30-januar-2019\/","title":{"rendered":"Besichtigung der Siegener Polizei am 30. Januar 2019"},"content":{"rendered":"\n<p>Die seltene Gelegenheit, die Siegener Polizeistation einmal hinter den Kulissen erleben zu d\u00fcrfen,bietet   sich   exklusiv   den   Mitgliedern   der   Deutsch-Amerikanischen   Gesellschaft   Siegerland-Wittgenstein e. V. am Mittwoch, dem 30. Januar 2019. <\/p>\n\n\n\n<p>Vielen ist das markante wei\u00dfe Geb\u00e4ude in der Weidenauer Stra\u00dfe 231 vermutlich nur vomVorbeifahren oder bestenfalls dem Rezeptionsbereich bekannt. Ende der 1990er Jahre wurde der\u201eWaschbeton\u201c-Verwaltungsbau   einem   architektonischen   Facelift   unterzogen   und   mit   einemfunktionalen Neubau an der Stelle des ehemaligen Weidenauer Amtshauses verbunden. <br><\/p>\n\n\n\n<p>Doch was verbirgt sich eigentlich in dem f\u00fcnfst\u00f6ckigen Geb\u00e4ude? Angemeldete Mitglieder der DAGSiWi   erhalten   einen   exklusiven   Einblick   in   jene   Bereiche,   die   \u00fcblicherweise   aus Sicherheitsgr\u00fcnden nicht ohne Weiteres der Allgemeinheit zug\u00e4nglich gemacht werden. Das Hausmit den vielen Zwischent\u00fcren, in dem das Prinzip des \u201eHol- und Bringdienstes\u201c gilt, verf\u00fcgt vonder wenig gem\u00fctlichen Ausn\u00fcchterungszelle \u00fcber die Tag und Nacht besetzte Einsatzzentrale bis hin zum Schie\u00dfkino \u00fcber viele moderne Funktionsbereiche. Nebenbei ist es Verwaltungssitz der Kreispolizeibeh\u00f6rde.<\/p>\n\n\n\n<p>Beginn dieser besonderen F\u00fchrung am <strong>30.01.2019 ist um 17.00 Uhr<\/strong>. Eine Anmeldung per Email an <a href=\"mailto:secretary@dagsiwi.de\">secretary@dagsiwi.de<\/a> ist erforderlich. Die Teilnehmerinnen und Teilnehmer der F\u00fchrung treffen sich um 16.45 Uhr vor dem Geb\u00e4ude der Polizei in der Weidenauer Stra\u00dfe. <\/p>\n","protected":false},"excerpt":{"rendered":"<p>Die seltene Gelegenheit, die Siegener Polizeistation einmal hinter den Kulissen erleben zu d\u00fcrfen,bietet sich exklusiv den Mitgliedern der Deutsch-Amerikanischen Gesellschaft Siegerland-Wittgenstein e. V. am Mittwoch, dem 30. Januar 2019. Vielen ist das markante wei\u00dfe Geb\u00e4ude in der Weidenauer Stra\u00dfe 231 vermutlich nur vomVorbeifahren oder bestenfalls dem Rezeptionsbereich bekannt. Ende der 1990er Jahre wurde der\u201eWaschbeton\u201c-Verwaltungsbau einem [&hellip;]<\/p>\n","protected":false},"author":4,"featured_media":0,"comment_status":"closed","ping_status":"closed","sticky":false,"template":"","format":"standard","meta":{"ngg_post_thumbnail":0,"footnotes":""},"categories":[1],"tags":[],"class_list":["post-4015","post","type-post","status-publish","format-standard","hentry","category-allgemein"],"translation":{"provider":"WPGlobus","version":"3.0.2","language":"en","enabled_languages":["de","en"],"languages":{"de":{"title":true,"content":true,"excerpt":false},"en":{"title":false,"content":false,"excerpt":false}}},"aioseo_notices":[],"_links":{"self":[{"href":"https:\/\/www.dagsiwi.de\/en\/wp-json\/wp\/v2\/posts\/4015","targetHints":{"allow":["GET"]}}],"collection":[{"href":"https:\/\/www.dagsiwi.de\/en\/wp-json\/wp\/v2\/posts"}],"about":[{"href":"https:\/\/www.dagsiwi.de\/en\/wp-json\/wp\/v2\/types\/post"}],"author":[{"embeddable":true,"href":"https:\/\/www.dagsiwi.de\/en\/wp-json\/wp\/v2\/users\/4"}],"replies":[{"embeddable":true,"href":"https:\/\/www.dagsiwi.de\/en\/wp-json\/wp\/v2\/comments?post=4015"}],"version-history":[{"count":1,"href":"https:\/\/www.dagsiwi.de\/en\/wp-json\/wp\/v2\/posts\/4015\/revisions"}],"predecessor-version":[{"id":4016,"href":"https:\/\/www.dagsiwi.de\/en\/wp-json\/wp\/v2\/posts\/4015\/revisions\/4016"}],"wp:attachment":[{"href":"https:\/\/www.dagsiwi.de\/en\/wp-json\/wp\/v2\/media?parent=4015"}],"wp:term":[{"taxonomy":"category","embeddable":true,"href":"https:\/\/www.dagsiwi.de\/en\/wp-json\/wp\/v2\/categories?post=4015"},{"taxonomy":"post_tag","embeddable":true,"href":"https:\/\/www.dagsiwi.de\/en\/wp-json\/wp\/v2\/tags?post=4015"}],"curies":[{"name":"wp","href":"https:\/\/api.w.org\/{rel}","templated":true}]}}