{"id":4033,"date":"2019-02-20T16:05:01","date_gmt":"2019-02-20T15:05:01","guid":{"rendered":"http:\/\/www.dagsiwi.de\/?p=4033"},"modified":"2019-02-20T16:05:44","modified_gmt":"2019-02-20T15:05:44","slug":"dag-siwi-besucht-siegener-polizei","status":"publish","type":"post","link":"https:\/\/www.dagsiwi.de\/en\/2019\/02\/dag-siwi-besucht-siegener-polizei\/","title":{"rendered":"DAG SiWi besucht Siegener Polizei"},"content":{"rendered":"\n<p>Einen Blick hinter die Kulissen der Siegener Polizei erhielten jetzt Mitglieder der Deutsch-Amerikanischen Gesellschaft Siegerland-Wittgenstein e.V. (DAG SiWi), denen die Gelegenheit geboten wurde, vom Leitenden Polizeidirektor Wilfried Bergmann aus erster Hand Antworten zu Kriminalit\u00e4t und Sicherheit, aber auch zum Selbstverst\u00e4ndnis und zum gesetzlichen Arbeitsauftrag unter dem Bogen des Grundgesetzes zu erhalten. Der beh\u00f6rdliche Aufbau mit dem Landrat an der Spitze der Kreispolizeibeh\u00f6rde wurde vorgestellt. F\u00fcr die meisten G\u00e4ste war es \u00fcberraschend zu erfahren, dass die Einbruchswelle statistisch auf Talfahrt ist, aber Drogendelikte und Betr\u00fcgereien \u00fcber Telefon und Internet von der Polizei heutzutage als gro\u00dfe Problemfelder angesehen werden. Gemeinhin untersch\u00e4tzt wird der oft tabuisierte Bereich der h\u00e4uslichen Gewalt. Hier bietet die Polizei den Betroffenen gezielten Opferschutz an. Auch die ge\u00e4nderte Sicherheitslage nach den Anschl\u00e4gen des 11. September 2001 und den Amokl\u00e4ufen an deutschen Schulen und der damit einhergehende Paradigmenwechsel in der polizeilichen Arbeit wurden er\u00f6rtert.<\/p>\n\n\n\n<figure class=\"wp-block-image\"><img loading=\"lazy\" decoding=\"async\" width=\"1024\" height=\"768\" src=\"http:\/\/www.dagsiwi.de\/wordpress\/wp-content\/uploads\/2019\/02\/WhatsApp-Image-2019-02-05-at-09.53.35-1024x768.jpeg\" alt=\"\" class=\"wp-image-4034\" srcset=\"https:\/\/www.dagsiwi.de\/wordpress\/wp-content\/uploads\/2019\/02\/WhatsApp-Image-2019-02-05-at-09.53.35-1024x768.jpeg 1024w, https:\/\/www.dagsiwi.de\/wordpress\/wp-content\/uploads\/2019\/02\/WhatsApp-Image-2019-02-05-at-09.53.35-300x225.jpeg 300w, https:\/\/www.dagsiwi.de\/wordpress\/wp-content\/uploads\/2019\/02\/WhatsApp-Image-2019-02-05-at-09.53.35-768x576.jpeg 768w, https:\/\/www.dagsiwi.de\/wordpress\/wp-content\/uploads\/2019\/02\/WhatsApp-Image-2019-02-05-at-09.53.35.jpeg 1600w\" sizes=\"auto, (max-width: 1024px) 100vw, 1024px\" \/><\/figure>\n\n\n\n<p>In Augenschein nehmen durften die G\u00e4ste die wenig anheimelnden Arrest- und Ausn\u00fcchterungszellen, die leider regelm\u00e4\u00dfig, vor allem an den Wochenenden, immer wieder ben\u00f6tigt werden. Maximal 24 Stunden darf ein solcher Gewahrsam ohne richterlichen Beschluss dauern.<\/p>\n\n\n\n<p>Einem Stresstest wurde die DAG SiWi-Abordnung im polizeieigenen Schie\u00dfkino unterzogen. Das Gewaltmonopol des Staates, das nur unter den Geboten der Erforderlichkeit und der Verh\u00e4ltnism\u00e4\u00dfigkeit ausge\u00fcbt werden darf, war hier Thema.  Angesichts realistisch visualisierter Situationen aus dem Polizeialltag wurde deutlich, welch harten psychischen und physischen Anforderungen die Beamtinnen und Beamten der Polizei ausgesetzt sein k\u00f6nnen. K\u00f6rperliche Fitness, Reaktionsschnelligkeit, Allgemeinbildung und charakterliche Integrit\u00e4t sind f\u00fcr den Polizeidienst unerl\u00e4sslich. Die Rekrutierung geeigneten Nachwuchses ist wie f\u00fcr viele andere Arbeitgeber auch eine der gro\u00dfen Herausforderungen f\u00fcr die Zukunft.<\/p>\n\n\n\n<p>Ein Blick auf den Fuhrpark der Streifenwagen und zivilen Einsatzfahrzeuge rundete die nicht allt\u00e4gliche F\u00fchrung durch die beiden miteinander verbundenen Geb\u00e4udeteile an der Weidenauer Stra\u00dfe ab.<\/p>\n","protected":false},"excerpt":{"rendered":"<p>Einen Blick hinter die Kulissen der Siegener Polizei erhielten jetzt Mitglieder der Deutsch-Amerikanischen Gesellschaft Siegerland-Wittgenstein e.V. (DAG SiWi), denen die Gelegenheit geboten wurde, vom Leitenden Polizeidirektor Wilfried Bergmann aus erster Hand Antworten zu Kriminalit\u00e4t und Sicherheit, aber auch zum Selbstverst\u00e4ndnis und zum gesetzlichen Arbeitsauftrag unter dem Bogen des Grundgesetzes zu erhalten. Der beh\u00f6rdliche Aufbau mit [&hellip;]<\/p>\n","protected":false},"author":4,"featured_media":0,"comment_status":"closed","ping_status":"closed","sticky":false,"template":"","format":"standard","meta":{"ngg_post_thumbnail":0,"footnotes":""},"categories":[1],"tags":[],"class_list":["post-4033","post","type-post","status-publish","format-standard","hentry","category-allgemein"],"translation":{"provider":"WPGlobus","version":"3.0.2","language":"en","enabled_languages":["de","en"],"languages":{"de":{"title":true,"content":true,"excerpt":false},"en":{"title":false,"content":false,"excerpt":false}}},"aioseo_notices":[],"_links":{"self":[{"href":"https:\/\/www.dagsiwi.de\/en\/wp-json\/wp\/v2\/posts\/4033","targetHints":{"allow":["GET"]}}],"collection":[{"href":"https:\/\/www.dagsiwi.de\/en\/wp-json\/wp\/v2\/posts"}],"about":[{"href":"https:\/\/www.dagsiwi.de\/en\/wp-json\/wp\/v2\/types\/post"}],"author":[{"embeddable":true,"href":"https:\/\/www.dagsiwi.de\/en\/wp-json\/wp\/v2\/users\/4"}],"replies":[{"embeddable":true,"href":"https:\/\/www.dagsiwi.de\/en\/wp-json\/wp\/v2\/comments?post=4033"}],"version-history":[{"count":2,"href":"https:\/\/www.dagsiwi.de\/en\/wp-json\/wp\/v2\/posts\/4033\/revisions"}],"predecessor-version":[{"id":4036,"href":"https:\/\/www.dagsiwi.de\/en\/wp-json\/wp\/v2\/posts\/4033\/revisions\/4036"}],"wp:attachment":[{"href":"https:\/\/www.dagsiwi.de\/en\/wp-json\/wp\/v2\/media?parent=4033"}],"wp:term":[{"taxonomy":"category","embeddable":true,"href":"https:\/\/www.dagsiwi.de\/en\/wp-json\/wp\/v2\/categories?post=4033"},{"taxonomy":"post_tag","embeddable":true,"href":"https:\/\/www.dagsiwi.de\/en\/wp-json\/wp\/v2\/tags?post=4033"}],"curies":[{"name":"wp","href":"https:\/\/api.w.org\/{rel}","templated":true}]}}