{"id":4122,"date":"2019-06-28T17:49:00","date_gmt":"2019-06-28T15:49:00","guid":{"rendered":"http:\/\/www.dagsiwi.de\/?p=4122"},"modified":"2019-06-28T17:50:51","modified_gmt":"2019-06-28T15:50:51","slug":"dag-siwi-zeichnete-hervorragende-facharbeiten-aus","status":"publish","type":"post","link":"https:\/\/www.dagsiwi.de\/en\/2019\/06\/dag-siwi-zeichnete-hervorragende-facharbeiten-aus\/","title":{"rendered":"DAG SiWi zeichnete hervorragende Facharbeiten aus"},"content":{"rendered":"\n<p>Mit drei Geldpreisen hat die Deutsch-Amerikanische Gesellschaft Siegerland-Wittgenstein (DAG SiWi) e. V. Sch\u00fcler aus dem Kreisgebiet Siegen-Wittgenstein f\u00fcr ihre hervorragenden Arbeiten zu einem transatlantischen Thema ausgezeichnet. <\/p>\n\n\n\n<figure class=\"wp-block-image\"><img loading=\"lazy\" decoding=\"async\" width=\"1024\" height=\"1024\" src=\"http:\/\/www.dagsiwi.de\/wordpress\/wp-content\/uploads\/2019\/06\/65283311_2424765307580450_3007686600055324672_o-1024x1024.jpg\" alt=\"\" class=\"wp-image-4124\" srcset=\"https:\/\/www.dagsiwi.de\/wordpress\/wp-content\/uploads\/2019\/06\/65283311_2424765307580450_3007686600055324672_o-1024x1024.jpg 1024w, https:\/\/www.dagsiwi.de\/wordpress\/wp-content\/uploads\/2019\/06\/65283311_2424765307580450_3007686600055324672_o-150x150.jpg 150w, https:\/\/www.dagsiwi.de\/wordpress\/wp-content\/uploads\/2019\/06\/65283311_2424765307580450_3007686600055324672_o-300x300.jpg 300w, https:\/\/www.dagsiwi.de\/wordpress\/wp-content\/uploads\/2019\/06\/65283311_2424765307580450_3007686600055324672_o-768x768.jpg 768w, https:\/\/www.dagsiwi.de\/wordpress\/wp-content\/uploads\/2019\/06\/65283311_2424765307580450_3007686600055324672_o.jpg 1440w\" sizes=\"auto, (max-width: 1024px) 100vw, 1024px\" \/><\/figure>\n\n\n\n<p>Bereits zum 13. Mal pr\u00e4mierte die DAG SiWi die \u00fcber die betreuenden Fachlehrerinnen und Fachlehrer einzureichenden Facharbeiten. Die DAG SiWi verfolgt hiermit das Ziel, die transatlantischen Beziehungen bilateral zu pflegen und das Wissen \u00fcber Amerika zu vertiefen. Traditionell findet die Preisverleihung vor den Sommerferien in einem w\u00fcrdigen Rahmen statt. Schauplatz der Pr\u00e4mierung war diesmal der Konventssaal des Gymnasiums Stift Keppel mit seinen schmucken Rokokostuckaturen und dem aus Schloss Wittgenstein stammenden Kristallkronleuchter. <\/p>\n\n\n\n<p>Von DAG SiWi-Pr\u00e4sident Volker Sch\u00fcttenhelm wurden im Beisein von Gesch\u00e4ftsf\u00fchrer Sven Arriens, Pressewart Eike Jungheim, Social-Media-Beir\u00e4tin Annika Jebramcik und Rechnungspr\u00fcferin Maria Opterbeck ausgezeichnet: <\/p>\n\n\n\n<p style=\"text-align:center\"><strong>Platz 1<\/strong><br>Leticia Marie Bork, Gymnasium am L\u00f6hrtor (Siegen) f\u00fcr ihre Arbeit \u201eDid the Dust Bowl of the 1930s contribute to the Great Depression?\u201c <\/p>\n\n\n\n<p style=\"text-align:center\"><strong>Platz 2<\/strong><br>Jonathan Liddle, Dietrich-Bonhoeffer-Gymnasium (Neunkirchen) f\u00fcr seine Arbeit \u201eDoes the Electoral College Need to Change? A Study of American Presidential Elections and the Controversy Surrounding Them\u201c <\/p>\n\n\n\n<p style=\"text-align:center\"><strong>Platz 3<\/strong><br>Nino Althaus, Gymnasium am L\u00f6hrtor (Siegen) f\u00fcr seine Arbeit \u201eDonald Trump and the Facebook\/Cambridge Analytica Affair: To What Extent Did It Affect the Election?\u201c <\/p>\n\n\n\n<figure class=\"wp-block-image\"><img loading=\"lazy\" decoding=\"async\" width=\"1024\" height=\"1024\" src=\"http:\/\/www.dagsiwi.de\/wordpress\/wp-content\/uploads\/2019\/06\/64963256_2424765117580469_2770872677563367424_o-1024x1024.jpg\" alt=\"\" class=\"wp-image-4125\" srcset=\"https:\/\/www.dagsiwi.de\/wordpress\/wp-content\/uploads\/2019\/06\/64963256_2424765117580469_2770872677563367424_o-1024x1024.jpg 1024w, https:\/\/www.dagsiwi.de\/wordpress\/wp-content\/uploads\/2019\/06\/64963256_2424765117580469_2770872677563367424_o-150x150.jpg 150w, https:\/\/www.dagsiwi.de\/wordpress\/wp-content\/uploads\/2019\/06\/64963256_2424765117580469_2770872677563367424_o-300x300.jpg 300w, https:\/\/www.dagsiwi.de\/wordpress\/wp-content\/uploads\/2019\/06\/64963256_2424765117580469_2770872677563367424_o-768x768.jpg 768w, https:\/\/www.dagsiwi.de\/wordpress\/wp-content\/uploads\/2019\/06\/64963256_2424765117580469_2770872677563367424_o.jpg 1440w\" sizes=\"auto, (max-width: 1024px) 100vw, 1024px\" \/><figcaption> v.l.: Nino Althaus, Leticia Bork, Jonathan Liddle <\/figcaption><\/figure>\n\n\n\n<p>Alle Preistr\u00e4gerinnen und Preistr\u00e4ger stellten in bemerkenswert gutem Englisch ihre Arbeiten zusammenfassend kurz vor und erhielten au\u00dferdem zur Erinnerung eine Urkunde und jeweils einen Bildband \u00fcber die Vereinigten Staaten.  <\/p>\n","protected":false},"excerpt":{"rendered":"<p>Mit drei Geldpreisen hat die Deutsch-Amerikanische Gesellschaft Siegerland-Wittgenstein (DAG SiWi) e. V. Sch\u00fcler aus dem Kreisgebiet Siegen-Wittgenstein f\u00fcr ihre hervorragenden Arbeiten zu einem transatlantischen Thema ausgezeichnet. Bereits zum 13. Mal pr\u00e4mierte die DAG SiWi die \u00fcber die betreuenden Fachlehrerinnen und Fachlehrer einzureichenden Facharbeiten. Die DAG SiWi verfolgt hiermit das Ziel, die transatlantischen Beziehungen bilateral zu [&hellip;]<\/p>\n","protected":false},"author":4,"featured_media":0,"comment_status":"closed","ping_status":"closed","sticky":false,"template":"","format":"standard","meta":{"ngg_post_thumbnail":0,"footnotes":""},"categories":[1],"tags":[],"class_list":["post-4122","post","type-post","status-publish","format-standard","hentry","category-allgemein"],"translation":{"provider":"WPGlobus","version":"3.0.2","language":"en","enabled_languages":["de","en"],"languages":{"de":{"title":true,"content":true,"excerpt":false},"en":{"title":false,"content":false,"excerpt":false}}},"aioseo_notices":[],"_links":{"self":[{"href":"https:\/\/www.dagsiwi.de\/en\/wp-json\/wp\/v2\/posts\/4122","targetHints":{"allow":["GET"]}}],"collection":[{"href":"https:\/\/www.dagsiwi.de\/en\/wp-json\/wp\/v2\/posts"}],"about":[{"href":"https:\/\/www.dagsiwi.de\/en\/wp-json\/wp\/v2\/types\/post"}],"author":[{"embeddable":true,"href":"https:\/\/www.dagsiwi.de\/en\/wp-json\/wp\/v2\/users\/4"}],"replies":[{"embeddable":true,"href":"https:\/\/www.dagsiwi.de\/en\/wp-json\/wp\/v2\/comments?post=4122"}],"version-history":[{"count":2,"href":"https:\/\/www.dagsiwi.de\/en\/wp-json\/wp\/v2\/posts\/4122\/revisions"}],"predecessor-version":[{"id":4126,"href":"https:\/\/www.dagsiwi.de\/en\/wp-json\/wp\/v2\/posts\/4122\/revisions\/4126"}],"wp:attachment":[{"href":"https:\/\/www.dagsiwi.de\/en\/wp-json\/wp\/v2\/media?parent=4122"}],"wp:term":[{"taxonomy":"category","embeddable":true,"href":"https:\/\/www.dagsiwi.de\/en\/wp-json\/wp\/v2\/categories?post=4122"},{"taxonomy":"post_tag","embeddable":true,"href":"https:\/\/www.dagsiwi.de\/en\/wp-json\/wp\/v2\/tags?post=4122"}],"curies":[{"name":"wp","href":"https:\/\/api.w.org\/{rel}","templated":true}]}}