{"id":4144,"date":"2019-10-21T12:38:40","date_gmt":"2019-10-21T10:38:40","guid":{"rendered":"http:\/\/www.dagsiwi.de\/?p=4144"},"modified":"2019-10-21T12:41:55","modified_gmt":"2019-10-21T10:41:55","slug":"thanksgiving-day-2019-in-siegen","status":"publish","type":"post","link":"https:\/\/www.dagsiwi.de\/en\/2019\/10\/thanksgiving-day-2019-in-siegen\/","title":{"rendered":"Thanksgiving Day 2019 in Siegen"},"content":{"rendered":"\n<p>Bald ist es wieder soweit: Traditionell am letzten Donnerstag im November wird nicht nur in den USA der \u00fcberkonfessionelle Thanksgiving Day gefeiert &#8211; als allgemeines Friedens- und Erntedankfest, welches von den Pilgerv\u00e4tern 1621 nach der Ernte in der Kolonie Plymouth im heutigen US-Staat Massachusetts erstmalig begangen wurde, sondern auch im Kreis Siegen-Wittgenstein, wo das beliebte Truthahn-Essen mit der DAGSiWi auch schon zu einer feinen, kleinen Tradition geworden ist. So feiern wir in festlichem Rahmen mit Vereinsmitgliedern, Freunden und interessierten G\u00e4sten <strong>am 28. November ab 18.30 Uhr im Hotel Pfefferm\u00fchle<\/strong>, Frankfurter Str. 261, Siegen, bei Truthahn mit Preiselbeeren, S\u00fc\u00dfkartoffeln und Mais in K\u00e4serahm oder Curryso\u00dfe, gefolgt von K\u00fcrbiskuchen oder New York Cheese Cake zum Dessert.<\/p>\n\n\n\n<p>Die Veranstaltung ist offen f\u00fcr Vereinsmitglieder und interessierte G\u00e4ste. Insbesondere Siegerl\u00e4nder und Wittgensteiner, die pers\u00f6nliche Kontakte in die USA haben, seien es Gesch\u00e4ftsbeziehungen, verwandtschaftliche oder freundschaftliche Verbindungen oder Erinnerungen an einen Studien- oder Schulaufenthalt, sind eingeladen, der stimmungsvollen Veranstaltung beizuwohnen. Aber auch wer einfach neugierig ist auf unsere Gesellschaft und diese in einem ansprechenden Rahmen einmal kennen lernen m\u00f6chte, ist herzlich willkommen. Im Laufe des Abends soll auch \u00fcber die Vereinsh\u00f6hepunkte des Jahres, die Grillfeier in Niederdielfen mit amerikanischen G\u00e4sten mit Siegerl\u00e4nder Wurzeln, die feierliche Pr\u00e4mierung herausragender Jahresarbeiten mit transatlantischem Bezug im Stift Keppel und den Besuch der neuen US-Generalkonsulin in Siegen berichtet werden. Au\u00dferdem werden in einem Lichtbildervortrag die atemberaubenden Sch\u00f6nheiten des 446 km langen Grand Canyon (Arizona) vorgestellt. <\/p>\n\n\n\n<p>Die Teilnahme an der Feier kostet 21,00 \u20ac (Nichtmitglieder 24,00  \u20ac). Hierin ist die Teilnahme an der Feier und das Truthahn-Essen vom B\u00fcfett mit allen Beilagen und Nachtisch enthalten (Getr\u00e4nke exklusive).<br>Da die Platzkapazit\u00e4ten begrenzt sind, ist eine Anmeldung unbedingt erforderlich. Hier gilt das Prinzip \u201eFirst come, first served\u201c &#8211; schnell sein lohnt sich also, um dabei zu sein. <\/p>\n\n\n\n<p>Hier gehts <a href=\"http:\/\/www.dagsiwi.de\/?event=thanksgiving-dinner-2019\" target=\"_blank\" rel=\"noreferrer noopener\" aria-label=\" (\u00f6ffnet in neuem Tab)\">direkt zur Anmeldung<\/a>.<\/p>\n","protected":false},"excerpt":{"rendered":"<p>Bald ist es wieder soweit: Traditionell am letzten Donnerstag im November wird nicht nur in den USA der \u00fcberkonfessionelle Thanksgiving Day gefeiert &#8211; als allgemeines Friedens- und Erntedankfest, welches von den Pilgerv\u00e4tern 1621 nach der Ernte in der Kolonie Plymouth im heutigen US-Staat Massachusetts erstmalig begangen wurde, sondern auch im Kreis Siegen-Wittgenstein, wo das beliebte [&hellip;]<\/p>\n","protected":false},"author":4,"featured_media":0,"comment_status":"closed","ping_status":"closed","sticky":false,"template":"","format":"standard","meta":{"ngg_post_thumbnail":0,"footnotes":""},"categories":[1],"tags":[],"class_list":["post-4144","post","type-post","status-publish","format-standard","hentry","category-allgemein"],"translation":{"provider":"WPGlobus","version":"3.0.2","language":"en","enabled_languages":["de","en"],"languages":{"de":{"title":true,"content":true,"excerpt":false},"en":{"title":false,"content":false,"excerpt":false}}},"aioseo_notices":[],"_links":{"self":[{"href":"https:\/\/www.dagsiwi.de\/en\/wp-json\/wp\/v2\/posts\/4144","targetHints":{"allow":["GET"]}}],"collection":[{"href":"https:\/\/www.dagsiwi.de\/en\/wp-json\/wp\/v2\/posts"}],"about":[{"href":"https:\/\/www.dagsiwi.de\/en\/wp-json\/wp\/v2\/types\/post"}],"author":[{"embeddable":true,"href":"https:\/\/www.dagsiwi.de\/en\/wp-json\/wp\/v2\/users\/4"}],"replies":[{"embeddable":true,"href":"https:\/\/www.dagsiwi.de\/en\/wp-json\/wp\/v2\/comments?post=4144"}],"version-history":[{"count":4,"href":"https:\/\/www.dagsiwi.de\/en\/wp-json\/wp\/v2\/posts\/4144\/revisions"}],"predecessor-version":[{"id":4149,"href":"https:\/\/www.dagsiwi.de\/en\/wp-json\/wp\/v2\/posts\/4144\/revisions\/4149"}],"wp:attachment":[{"href":"https:\/\/www.dagsiwi.de\/en\/wp-json\/wp\/v2\/media?parent=4144"}],"wp:term":[{"taxonomy":"category","embeddable":true,"href":"https:\/\/www.dagsiwi.de\/en\/wp-json\/wp\/v2\/categories?post=4144"},{"taxonomy":"post_tag","embeddable":true,"href":"https:\/\/www.dagsiwi.de\/en\/wp-json\/wp\/v2\/tags?post=4144"}],"curies":[{"name":"wp","href":"https:\/\/api.w.org\/{rel}","templated":true}]}}