{"id":4535,"date":"2023-10-06T17:27:45","date_gmt":"2023-10-06T15:27:45","guid":{"rendered":"https:\/\/www.dagsiwi.de\/?p=4535"},"modified":"2023-10-06T17:32:36","modified_gmt":"2023-10-06T15:32:36","slug":"feierliche-praemierung-von-qualifizierten-schuelerfacharbeiten-mit-transatlantischembezug-im-kreis-siegen-wittgenstein","status":"publish","type":"post","link":"https:\/\/www.dagsiwi.de\/en\/2023\/10\/feierliche-praemierung-von-qualifizierten-schuelerfacharbeiten-mit-transatlantischembezug-im-kreis-siegen-wittgenstein\/","title":{"rendered":"Feierliche Pr\u00e4mierung von qualifizierten Sch\u00fclerfacharbeiten mit transatlantischemBezug im Kreis Siegen-Wittgenstein"},"content":{"rendered":"\n<p>Bereits zum 16. Mal zeichnete die Deutsch-Amerikanische Gesellschaft Siegerland-Wittgenstein e. V. (DAG-SiWi) jetzt Sch\u00fclerfacharbeiten mit USA-bezogenem oder transatlantischem Inhalt aus.<\/p>\n\n\n\n<p>Die Sch\u00fclerfacharbeiten konnten aus dem Fach Englisch, aber auch mit Bez\u00fcgen zu anderen F\u00e4chern z. B. Geschichte, Sozialkunde und Politik heraus entwickelt werden. Die Facharbeiten wurden mit einer entsprechenden Empfehlung \u00fcber die Schule eingereicht.<\/p>\n\n\n\n<p>Zum ersten Mal seit einer Corona-bedingten vierj\u00e4hrigen Pause, die nur kontaktlose Preisverleihungen zulie\u00df, wurden drei Arbeiten nun wieder im eleganten Rokokodekor des Konventssaals von Stift Keppel im Rahmen einer Feierstunde pr\u00e4miert.<br><br>Alle Arbeiten wurden in englischer Sprache geschrieben und zusammenfasst von den drei ausgezeichneten Sch\u00fclerinnen in Anwesenheit des Schulleiters des Gymnasiums Stift Keppel, Dr. Jochen Dietrich, und des Jurors Peter Schl\u00f6mer vorgestellt. Die Deutsch-Amerikanische Gesellschaft hatte sich entschieden, aufgrund der herausragenden Qualit\u00e4t der eingereichten Arbeiten und der quasi nicht auszumachenden Qualit\u00e4tsunterschiede einen ersten Platz und zwei gleichberechtigte zweite Pl\u00e4tze auszuzeichnen.<\/p>\n\n\n\n<figure class=\"wp-block-image size-large\"><a href=\"https:\/\/www.dagsiwi.de\/wordpress\/wp-content\/uploads\/2023\/10\/DAGBild2-scaled.jpg\"><img loading=\"lazy\" decoding=\"async\" width=\"1024\" height=\"929\" src=\"https:\/\/www.dagsiwi.de\/wordpress\/wp-content\/uploads\/2023\/10\/DAGBild2-1024x929.jpg\" alt=\"\" class=\"wp-image-4536\" srcset=\"https:\/\/www.dagsiwi.de\/wordpress\/wp-content\/uploads\/2023\/10\/DAGBild2-1024x929.jpg 1024w, https:\/\/www.dagsiwi.de\/wordpress\/wp-content\/uploads\/2023\/10\/DAGBild2-300x272.jpg 300w, https:\/\/www.dagsiwi.de\/wordpress\/wp-content\/uploads\/2023\/10\/DAGBild2-768x697.jpg 768w, https:\/\/www.dagsiwi.de\/wordpress\/wp-content\/uploads\/2023\/10\/DAGBild2-1536x1394.jpg 1536w, https:\/\/www.dagsiwi.de\/wordpress\/wp-content\/uploads\/2023\/10\/DAGBild2-2048x1859.jpg 2048w, https:\/\/www.dagsiwi.de\/wordpress\/wp-content\/uploads\/2023\/10\/DAGBild2-624x566.jpg 624w\" sizes=\"auto, (max-width: 1024px) 100vw, 1024px\" \/><\/a><figcaption class=\"wp-element-caption\">v.l.: Martin Kr\u00f6ckel, Anna Juliane Lips, Laura Sofie Bona, Volker Sch\u00fcttenhelm (copyright Verein DAGSiWi, e. V.)<br>&nbsp;<\/figcaption><\/figure>\n\n\n\n<p>Preistr\u00e4gerinnen des Schuljahres 2022\/23 sind Hanna Carina Fischer (1. Platz, Gymnasium Stift Keppel) und Laura Sofie Bona und Anna Juliane Lips (beide St\u00e4dtisches Gymnasium Kreuztal, jeweils 2. Platz). Die Preisverleihung wurde vorgenommen vom Pr\u00e4sidenten der Gesellschaft, Volker Sch\u00fcttenhelm, der zu diesem Anlass auch pers\u00f6nliche Gru\u00df- und Gl\u00fcckwunschbotschaften von US-Generalkonsulin Pauline Kao und NRW Minister Liminski aus der Staatskanzlei \u00fcbermitteln konnte.<\/p>\n\n\n\n<p>Nicht zuletzt inspiriert von dem naturphilosophischen Literaturklassiker \u201eWalden or Life in the Woods\u201c von Henry David Thoreau (1854) besch\u00e4ftige sich Hanna C. Fischer vor allem mit der Fortf\u00fchrung des Kantschen Begriffs der Transzendentaltheorie durch Thoreau, einem entschiedenen Gegner des Kriegs gegen Mexiko (1846-48), den die USA dessen Ansicht nach vor allem zur Unterst\u00fctzung der Sklavenhalter f\u00fchrten. Da die Preistr\u00e4gerin aufgrund einer Kursfahrt den Preis nicht pers\u00f6nlich entgegennehmen konnte, gr\u00fc\u00dfte sie mit einer Videobotschaft, in der sie ihre Thesen vorstellte. Der Preis wurde stellvertretend von ihrer Mutter in Anwesenheit der Fachlehrerin Christina Kolberg-B\u00f6hm entgegengenommen.<\/p>\n\n\n\n<figure class=\"wp-block-image size-large\"><a href=\"https:\/\/www.dagsiwi.de\/wordpress\/wp-content\/uploads\/2023\/10\/DAGBild1-scaled.jpg\"><img loading=\"lazy\" decoding=\"async\" width=\"780\" height=\"1024\" src=\"https:\/\/www.dagsiwi.de\/wordpress\/wp-content\/uploads\/2023\/10\/DAGBild1-780x1024.jpg\" alt=\"\" class=\"wp-image-4537\" srcset=\"https:\/\/www.dagsiwi.de\/wordpress\/wp-content\/uploads\/2023\/10\/DAGBild1-780x1024.jpg 780w, https:\/\/www.dagsiwi.de\/wordpress\/wp-content\/uploads\/2023\/10\/DAGBild1-229x300.jpg 229w, https:\/\/www.dagsiwi.de\/wordpress\/wp-content\/uploads\/2023\/10\/DAGBild1-768x1008.jpg 768w, https:\/\/www.dagsiwi.de\/wordpress\/wp-content\/uploads\/2023\/10\/DAGBild1-1171x1536.jpg 1171w, https:\/\/www.dagsiwi.de\/wordpress\/wp-content\/uploads\/2023\/10\/DAGBild1-1561x2048.jpg 1561w, https:\/\/www.dagsiwi.de\/wordpress\/wp-content\/uploads\/2023\/10\/DAGBild1-624x819.jpg 624w, https:\/\/www.dagsiwi.de\/wordpress\/wp-content\/uploads\/2023\/10\/DAGBild1-scaled.jpg 1951w\" sizes=\"auto, (max-width: 780px) 100vw, 780px\" \/><\/a><figcaption class=\"wp-element-caption\">Hanna Carina Fischer (copyright Antje Fischer)<\/figcaption><\/figure>\n\n\n\n<p>Inspiriert durch die Musik von Rock-Legende Bruce Springsteen untersuchte Laura Sofie Bona die Lebensrealit\u00e4t illegaler Einwanderer aus Lateinamerika in den USA. Sch\u00e4tzungsweise zwischen 900 und 2000 Kinder von illegal \u00fcber die Grenze getretenen Einwanderern leben von ihren Eltern getrennt \u2013 eine Folge der unter US-Pr\u00e4sident Donald Trump praktizierten \u201eNull Toleranz\u201c-Einwanderungspolitik. Die \u00fcber zwanzig G\u00e4ste im Konventssaal zeigten sich betroffen angesichts der drastischen Dimension der in der Jahresarbeit vorgestellten Fakten, die Laura Bona anhand der Texte von Springsteen ermittelt hatte.<\/p>\n\n\n\n<p>Ihre Mitsch\u00fclerin Anna Lips wiederum gl\u00e4nzte bei ihrer Jahresarbeit mit einer eingehenden Untersuchung der Ambivalenz der lyrischen Aussagen von US-Megastar Taylor Swift in deren Songs zu dem ebenso komplexe wie unsterbliche Thema Liebe, das sie auf ihrem siebten Album \u201eLover\u201c ausgesprochen politisch behandelt, indem sie klare Statements gegen die destruktive, zersetzende Dimension von Sexismus und Homophobie postuliert.<\/p>\n\n\n\n<p>Beide Sch\u00fclerinnen des St\u00e4dtischen Gymnasiums wurden betreut von ihrem Englischlehrer Robert Gibbels und bei der Preisverleihung begleitet von der Oberstufenkoordinatorin Anna Theresa Sch\u00e4fer.<\/p>\n\n\n\n<p>Neben einem Geldpreis erhielten die Preistr\u00e4gerinnen als besondere Gabe der DAG-SIWI einen opulenten Bildband \u00fcber die facettenreichen Landschaften der verschiedensten US-Bundesstaaten. Martin Kr\u00f6ckel, Vizepr\u00e4sident der Gesellschaft, schloss sich den Gl\u00fcckw\u00fcnschen des Pr\u00e4sidenten an.<\/p>\n","protected":false},"excerpt":{"rendered":"<p>Bereits zum 16. Mal zeichnete die Deutsch-Amerikanische Gesellschaft Siegerland-Wittgenstein e. V. (DAG-SiWi) jetzt Sch\u00fclerfacharbeiten mit USA-bezogenem oder transatlantischem Inhalt aus. Die Sch\u00fclerfacharbeiten konnten aus dem Fach Englisch, aber auch mit Bez\u00fcgen zu anderen F\u00e4chern z. B. Geschichte, Sozialkunde und Politik heraus entwickelt werden. Die Facharbeiten wurden mit einer entsprechenden Empfehlung \u00fcber die Schule eingereicht. Zum [&hellip;]<\/p>\n","protected":false},"author":4,"featured_media":0,"comment_status":"closed","ping_status":"closed","sticky":false,"template":"","format":"standard","meta":{"ngg_post_thumbnail":0,"footnotes":""},"categories":[1],"tags":[],"class_list":["post-4535","post","type-post","status-publish","format-standard","hentry","category-allgemein"],"translation":{"provider":"WPGlobus","version":"3.0.2","language":"en","enabled_languages":["de","en"],"languages":{"de":{"title":true,"content":true,"excerpt":false},"en":{"title":false,"content":false,"excerpt":false}}},"aioseo_notices":[],"_links":{"self":[{"href":"https:\/\/www.dagsiwi.de\/en\/wp-json\/wp\/v2\/posts\/4535","targetHints":{"allow":["GET"]}}],"collection":[{"href":"https:\/\/www.dagsiwi.de\/en\/wp-json\/wp\/v2\/posts"}],"about":[{"href":"https:\/\/www.dagsiwi.de\/en\/wp-json\/wp\/v2\/types\/post"}],"author":[{"embeddable":true,"href":"https:\/\/www.dagsiwi.de\/en\/wp-json\/wp\/v2\/users\/4"}],"replies":[{"embeddable":true,"href":"https:\/\/www.dagsiwi.de\/en\/wp-json\/wp\/v2\/comments?post=4535"}],"version-history":[{"count":3,"href":"https:\/\/www.dagsiwi.de\/en\/wp-json\/wp\/v2\/posts\/4535\/revisions"}],"predecessor-version":[{"id":4543,"href":"https:\/\/www.dagsiwi.de\/en\/wp-json\/wp\/v2\/posts\/4535\/revisions\/4543"}],"wp:attachment":[{"href":"https:\/\/www.dagsiwi.de\/en\/wp-json\/wp\/v2\/media?parent=4535"}],"wp:term":[{"taxonomy":"category","embeddable":true,"href":"https:\/\/www.dagsiwi.de\/en\/wp-json\/wp\/v2\/categories?post=4535"},{"taxonomy":"post_tag","embeddable":true,"href":"https:\/\/www.dagsiwi.de\/en\/wp-json\/wp\/v2\/tags?post=4535"}],"curies":[{"name":"wp","href":"https:\/\/api.w.org\/{rel}","templated":true}]}}