{"id":724,"date":"2012-06-03T13:03:43","date_gmt":"2012-06-03T11:03:43","guid":{"rendered":"http:\/\/www.dagsiwi.de\/?p=724"},"modified":"2012-06-11T10:19:16","modified_gmt":"2012-06-11T08:19:16","slug":"preisverleihung-schulerfacharbeiten-2012-am-mi-04-juli-2012","status":"publish","type":"post","link":"https:\/\/www.dagsiwi.de\/en\/2012\/06\/preisverleihung-schulerfacharbeiten-2012-am-mi-04-juli-2012\/","title":{"rendered":"Preisverleihung Sch\u00fclerfacharbeiten 2012 am Mi., 04. Juli 2012"},"content":{"rendered":"<p>Die 6. Preisverleihung 2012 f\u00fcr qualifizierte Sch\u00fclerfacharbeiten \u00fcber USA-bezogene oder transatlantische Themen in der Qualifizierungsphase 1 der Gymnasien im Kreis Siegen-Wittgenstein findet <span style=\"text-decoration: underline;\">am Mittwoch, 04. Juli 2012, 17:oo Uhr,<\/span> im Mensa-Restaurant &#8220;ars mundi&#8221; der Universit\u00e4t Siegen, Adolf-Reichwein-Stra\u00dfe (auf dem Haardter Berg oben) statt.<br \/>\nWer wird Preistr\u00e4ger\/in unter den 25 eingereichten Facharbeiten aus neun Gymnasien? Mitglieder und interessierte G\u00e4ste sind herzlich willkommen. Anmeldung aus Dispositionsgr\u00fcnden erforderlich!<br \/>\nWenn Sie den u. g. Dokumentennamen anklicken, erfahren Sie n\u00e4here Einzelheiten:<br \/>\n<a href=\"http:\/\/www.dagsiwi.de\/wordpress\/wp-content\/uploads\/2012\/06\/Einladung_Preisverleihung2012_Sch\u00fclerfacharbeiten_04072012.pdf\">Einladung_Preisverleihung2012_Sch\u00fclerfacharbeiten_04072012<\/a><\/p>\n","protected":false},"excerpt":{"rendered":"<p>Die 6. Preisverleihung 2012 f\u00fcr qualifizierte Sch\u00fclerfacharbeiten \u00fcber USA-bezogene oder transatlantische Themen in der Qualifizierungsphase 1 der Gymnasien im Kreis Siegen-Wittgenstein findet am Mittwoch, 04. Juli 2012, 17:oo Uhr, im Mensa-Restaurant &#8220;ars mundi&#8221; der Universit\u00e4t Siegen, Adolf-Reichwein-Stra\u00dfe (auf dem Haardter Berg oben) statt. Wer wird Preistr\u00e4ger\/in unter den 25 eingereichten Facharbeiten aus neun Gymnasien? Mitglieder [&hellip;]<\/p>\n","protected":false},"author":2,"featured_media":0,"comment_status":"closed","ping_status":"closed","sticky":false,"template":"","format":"standard","meta":{"ngg_post_thumbnail":0,"footnotes":""},"categories":[1],"tags":[],"class_list":["post-724","post","type-post","status-publish","format-standard","hentry","category-allgemein"],"translation":{"provider":"WPGlobus","version":"3.0.2","language":"en","enabled_languages":["de","en"],"languages":{"de":{"title":true,"content":true,"excerpt":false},"en":{"title":false,"content":false,"excerpt":false}}},"aioseo_notices":[],"_links":{"self":[{"href":"https:\/\/www.dagsiwi.de\/en\/wp-json\/wp\/v2\/posts\/724","targetHints":{"allow":["GET"]}}],"collection":[{"href":"https:\/\/www.dagsiwi.de\/en\/wp-json\/wp\/v2\/posts"}],"about":[{"href":"https:\/\/www.dagsiwi.de\/en\/wp-json\/wp\/v2\/types\/post"}],"author":[{"embeddable":true,"href":"https:\/\/www.dagsiwi.de\/en\/wp-json\/wp\/v2\/users\/2"}],"replies":[{"embeddable":true,"href":"https:\/\/www.dagsiwi.de\/en\/wp-json\/wp\/v2\/comments?post=724"}],"version-history":[{"count":6,"href":"https:\/\/www.dagsiwi.de\/en\/wp-json\/wp\/v2\/posts\/724\/revisions"}],"predecessor-version":[{"id":742,"href":"https:\/\/www.dagsiwi.de\/en\/wp-json\/wp\/v2\/posts\/724\/revisions\/742"}],"wp:attachment":[{"href":"https:\/\/www.dagsiwi.de\/en\/wp-json\/wp\/v2\/media?parent=724"}],"wp:term":[{"taxonomy":"category","embeddable":true,"href":"https:\/\/www.dagsiwi.de\/en\/wp-json\/wp\/v2\/categories?post=724"},{"taxonomy":"post_tag","embeddable":true,"href":"https:\/\/www.dagsiwi.de\/en\/wp-json\/wp\/v2\/tags?post=724"}],"curies":[{"name":"wp","href":"https:\/\/api.w.org\/{rel}","templated":true}]}}