{"id":735,"date":"2012-06-03T12:00:13","date_gmt":"2012-06-03T10:00:13","guid":{"rendered":"http:\/\/www.dagsiwi.de\/?p=735"},"modified":"2012-06-11T09:08:24","modified_gmt":"2012-06-11T07:08:24","slug":"hintergrundgesprach-konzert-mit-samuel-adler-am-30-06-20121830-uhr-in-siegen","status":"publish","type":"post","link":"https:\/\/www.dagsiwi.de\/en\/2012\/06\/hintergrundgesprach-konzert-mit-samuel-adler-am-30-06-20121830-uhr-in-siegen\/","title":{"rendered":"Hintergrundgespr\u00e4ch &#038; Konzert mit Samuel Adler am 30. 06. 2012,18:30 Uhr, in Siegen"},"content":{"rendered":"<p>Das Amerika Haus e. V. NRW l\u00e4dt zu einem Hintergrundgespr\u00e4ch\u00a0&amp; anschliessendem Konzert <strong>&#8220;<em>Eine lebendige Beziehung: Musik in der deutschen und amerikanischen Synagoge&#8221;<\/em><\/strong>\u00a0mit <strong>Samue<\/strong><strong>l Adler<\/strong>,\u00a0 Amerikanischer\u00a0Komponist, Juillliard School of Music, New York, in &#8220;Das Naschwerk&#8221;, Am Bahnhof 17, und anschlie\u00dfend zum Konzert in der Nikolaikirche <strong>in Siegen <\/strong>ein.<br \/>\nVeranstaltung\u00a0auf Deutsch. Eintritt frei.<br \/>\nVerbindliche Anmeldung bitte <span style=\"text-decoration: underline;\">bis sp\u00e4testens 22. Juni 2012.<br \/>\n<\/span>Wenn Sie den u. g. Dokumentennamen anklicken, erhalten Sie die Einladung mit Kurzbeschreibung und organisatorischen Angaben \u00fcber das exklusive Hintergrundgespr\u00e4ch unter der Moderation von Prof. Dr. Martin Herchenr\u00f6der, Uni Siegen, &amp; das anschlie\u00dfende Konzert unter Leitung von Ute Debus:<br \/>\n<a href=\"http:\/\/www.dagsiwi.de\/wordpress\/wp-content\/uploads\/2012\/06\/AHNRW_Einladung_Adler-Musik-d-a-Synagoge_30062012.pdf\">AHNRW_Einladung_Adler-Musik d-a Synagoge_30062012<\/a><\/p>\n","protected":false},"excerpt":{"rendered":"<p>Das Amerika Haus e. V. NRW l\u00e4dt zu einem Hintergrundgespr\u00e4ch\u00a0&amp; anschliessendem Konzert &#8220;Eine lebendige Beziehung: Musik in der deutschen und amerikanischen Synagoge&#8221;\u00a0mit Samuel Adler,\u00a0 Amerikanischer\u00a0Komponist, Juillliard School of Music, New York, in &#8220;Das Naschwerk&#8221;, Am Bahnhof 17, und anschlie\u00dfend zum Konzert in der Nikolaikirche in Siegen ein. Veranstaltung\u00a0auf Deutsch. Eintritt frei. Verbindliche Anmeldung bitte bis [&hellip;]<\/p>\n","protected":false},"author":2,"featured_media":0,"comment_status":"closed","ping_status":"closed","sticky":false,"template":"","format":"standard","meta":{"ngg_post_thumbnail":0,"footnotes":""},"categories":[1],"tags":[],"class_list":["post-735","post","type-post","status-publish","format-standard","hentry","category-allgemein"],"translation":{"provider":"WPGlobus","version":"3.0.2","language":"en","enabled_languages":["de","en"],"languages":{"de":{"title":true,"content":true,"excerpt":false},"en":{"title":false,"content":false,"excerpt":false}}},"aioseo_notices":[],"_links":{"self":[{"href":"https:\/\/www.dagsiwi.de\/en\/wp-json\/wp\/v2\/posts\/735","targetHints":{"allow":["GET"]}}],"collection":[{"href":"https:\/\/www.dagsiwi.de\/en\/wp-json\/wp\/v2\/posts"}],"about":[{"href":"https:\/\/www.dagsiwi.de\/en\/wp-json\/wp\/v2\/types\/post"}],"author":[{"embeddable":true,"href":"https:\/\/www.dagsiwi.de\/en\/wp-json\/wp\/v2\/users\/2"}],"replies":[{"embeddable":true,"href":"https:\/\/www.dagsiwi.de\/en\/wp-json\/wp\/v2\/comments?post=735"}],"version-history":[{"count":8,"href":"https:\/\/www.dagsiwi.de\/en\/wp-json\/wp\/v2\/posts\/735\/revisions"}],"predecessor-version":[{"id":743,"href":"https:\/\/www.dagsiwi.de\/en\/wp-json\/wp\/v2\/posts\/735\/revisions\/743"}],"wp:attachment":[{"href":"https:\/\/www.dagsiwi.de\/en\/wp-json\/wp\/v2\/media?parent=735"}],"wp:term":[{"taxonomy":"category","embeddable":true,"href":"https:\/\/www.dagsiwi.de\/en\/wp-json\/wp\/v2\/categories?post=735"},{"taxonomy":"post_tag","embeddable":true,"href":"https:\/\/www.dagsiwi.de\/en\/wp-json\/wp\/v2\/tags?post=735"}],"curies":[{"name":"wp","href":"https:\/\/api.w.org\/{rel}","templated":true}]}}