{"id":760,"date":"2012-07-13T11:28:01","date_gmt":"2012-07-13T09:28:01","guid":{"rendered":"http:\/\/www.dagsiwi.de\/?p=760"},"modified":"2012-11-20T10:24:30","modified_gmt":"2012-11-20T09:24:30","slug":"6-preisverleihung-2012-teilnehmerrekord-hohes-niveau","status":"publish","type":"post","link":"https:\/\/www.dagsiwi.de\/en\/2012\/07\/6-preisverleihung-2012-teilnehmerrekord-hohes-niveau\/","title":{"rendered":"6. Preisverleihung 2012: Teilnehmerrekord &#8211; Hohes Niveau !"},"content":{"rendered":"<div class=\"mceTemp\">\n<div class=\"mceTemp\"><a href=\"http:\/\/www.dagsiwi.de\/wordpress\/wp-content\/uploads\/2012\/07\/Preiswettbewerb2012_Teilnehmer.jpg\"><img loading=\"lazy\" decoding=\"async\" class=\"alignleft size-thumbnail wp-image-766\" title=\"Preiswettbewerb2012_Teilnehmer\" src=\"http:\/\/www.dagsiwi.de\/wordpress\/wp-content\/uploads\/2012\/07\/Preiswettbewerb2012_Teilnehmer-150x150.jpg\" alt=\"\" width=\"150\" height=\"150\" \/><\/a>25 Sch\u00fcler\/innen aus neun Gymnasien im Kreis Siegen-Wittgenstein hatten am\u00a06. Preiswetbewerb\u00a02012 f\u00fcr qualifizierte Sch\u00fclerfacharbeiten \u00fcber USA-bezogene oder transatlantische Themen teilgenommen.\u00a0Die sachkundige Bewertungsjury hatte wegen des durchweg hohen Niveaus der eingereichten Fachabeiten\u00a0in engagierter\u00a0Arbeit und\u00a0schwierigen\u00a0Entscheidungsprozessen die diesj\u00e4hrigen Preistr\u00e4ger\/innen zu ermitteln.\u00a0\u00a0Am 04. Juli 2012 wurden im Mensa-Restaurant &#8220;ars mundi&#8221; der Universit\u00e4t Siegen vor \u00fcber 85 (!) Teilnehmern und Zuh\u00f6rern vier Preisstr\u00e4ger 2012\u00a0geehrt, die Urkunden und das Preisgeld durch DAG-President J\u00f6rg M\u00fcller und Juryvorsitzende Sibylle Schwarz \u00fcberreicht!\u00a0 Wegen des hohen Niveaus\u00a0wurden\u00a0auf\u00a0Vorschlag der\u00a0Bewertungsjury und einstimmigen Beschlu\u00df des DAG-Vorstandes\u00a0auch je ein Anerkennungspreis mit Urkunde\u00a0\u00a0und einem soeben erschienenen\u00a0Buch <em>&#8220;Was ist mit den Amis los? &#8211; Warum sie an Barack Obama hassen, was wir lieben&#8221;<\/em> \u00a0vom USA-Korrespondenten des Berliner &#8220;Tagesspiegel&#8221; in Washington D.C., Christoph von Marschall, den die DAG Si-Wi im Februar 2011 mit einem sehr aufschlussreichen\u00a0Vortrag vor gro\u00dfer Zuh\u00f6rerkulisse in Siegen zu Gast hatte, durch die DAG-Vorstandsmitglieder Lisa Kr\u00e4mer und Sibylle Schwarz sowie Stv. DAG-Vorssitzenden Roland Sagasser \u00fcberreicht.<\/div>\n<div class=\"mceTemp\"><\/div>\n<div class=\"mceTemp\">Die <strong>Preistr\u00e4ger 2012\u00a0<\/strong>von links:<\/div>\n<div class=\"mceTemp\">\n<dl id=\"attachment_765\" class=\"wp-caption alignleft\" style=\"width: 160px;\">\n<dt class=\"wp-caption-dt\"><a href=\"http:\/\/www.dagsiwi.de\/wordpress\/wp-content\/uploads\/2012\/07\/Preiswettbewerb2012_Preisgewinner.jpg\"><img loading=\"lazy\" decoding=\"async\" class=\" wp-image-765\" title=\"Preiswettbewerb2012_Preisgewinner\" src=\"http:\/\/www.dagsiwi.de\/wordpress\/wp-content\/uploads\/2012\/07\/Preiswettbewerb2012_Preisgewinner-150x150.jpg\" alt=\"\" width=\"150\" height=\"150\" \/><\/a><\/dt>\n<\/dl>\n<p><strong>o\u00a0 <\/strong>Max Sch\u00fcssler, Johannes-Althusius-Gymnasium, Bad Berleburg<br \/>\n<strong>o<\/strong>\u00a0 Marina Linde, F\u00fcrst-Johann-Moritz-Gymnasium Siegen-Weidenau<br \/>\n<strong>o<\/strong>\u00a0 Ann-Christin Klein, Gymnasium Stift Keppel Hilchenbach<br \/>\n<strong>o\u00a0 <\/strong>Diogo Souto Tuna, Gymnasium Stift Keppel Hilchenbach (nicht auf dem Foto)<br \/>\nRechts die Vorsitzende der DAG-Bewertungsjury, Sibylle Schwarz aus Siegen.<\/p>\n<\/div>\n<div class=\"mceTemp\">Die Themen\u00a0ihrer Fachharbeiten k\u00f6nnen aus der\u00a0\u00a0<strong>alphabetischen Themenliste<\/strong> ebenso entnommen werden wie von allen Teilnehmern am 6. Preiswettbewerb\u00a0\u00a0&#8211; bitte die u. g. Dokumentennamen anklicken; wie auch die beiden Fotos durch Anklicken vergr\u00f6\u00dfert werden:<br \/>\n<a href=\"http:\/\/www.dagsiwi.de\/wordpress\/wp-content\/uploads\/2012\/07\/Preiswettbewerb_2012_\u00dcbersicht_Themen+Einreicher_04072012.doc\">Preiswettbewerb_2012_\u00dcbersicht_Themen+Einreicher_04072012<\/a><\/div>\n<\/div>\n","protected":false},"excerpt":{"rendered":"<p>25 Sch\u00fcler\/innen aus neun Gymnasien im Kreis Siegen-Wittgenstein hatten am\u00a06. Preiswetbewerb\u00a02012 f\u00fcr qualifizierte Sch\u00fclerfacharbeiten \u00fcber USA-bezogene oder transatlantische Themen teilgenommen.\u00a0Die sachkundige Bewertungsjury hatte wegen des durchweg hohen Niveaus der eingereichten Fachabeiten\u00a0in engagierter\u00a0Arbeit und\u00a0schwierigen\u00a0Entscheidungsprozessen die diesj\u00e4hrigen Preistr\u00e4ger\/innen zu ermitteln.\u00a0\u00a0Am 04. Juli 2012 wurden im Mensa-Restaurant &#8220;ars mundi&#8221; der Universit\u00e4t Siegen vor \u00fcber 85 (!) Teilnehmern und [&hellip;]<\/p>\n","protected":false},"author":2,"featured_media":0,"comment_status":"closed","ping_status":"closed","sticky":false,"template":"","format":"standard","meta":{"ngg_post_thumbnail":0,"footnotes":""},"categories":[19],"tags":[],"class_list":["post-760","post","type-post","status-publish","format-standard","hentry","category-eventbericht"],"translation":{"provider":"WPGlobus","version":"3.0.2","language":"en","enabled_languages":["de","en"],"languages":{"de":{"title":true,"content":true,"excerpt":false},"en":{"title":false,"content":false,"excerpt":false}}},"aioseo_notices":[],"_links":{"self":[{"href":"https:\/\/www.dagsiwi.de\/en\/wp-json\/wp\/v2\/posts\/760","targetHints":{"allow":["GET"]}}],"collection":[{"href":"https:\/\/www.dagsiwi.de\/en\/wp-json\/wp\/v2\/posts"}],"about":[{"href":"https:\/\/www.dagsiwi.de\/en\/wp-json\/wp\/v2\/types\/post"}],"author":[{"embeddable":true,"href":"https:\/\/www.dagsiwi.de\/en\/wp-json\/wp\/v2\/users\/2"}],"replies":[{"embeddable":true,"href":"https:\/\/www.dagsiwi.de\/en\/wp-json\/wp\/v2\/comments?post=760"}],"version-history":[{"count":32,"href":"https:\/\/www.dagsiwi.de\/en\/wp-json\/wp\/v2\/posts\/760\/revisions"}],"predecessor-version":[{"id":1021,"href":"https:\/\/www.dagsiwi.de\/en\/wp-json\/wp\/v2\/posts\/760\/revisions\/1021"}],"wp:attachment":[{"href":"https:\/\/www.dagsiwi.de\/en\/wp-json\/wp\/v2\/media?parent=760"}],"wp:term":[{"taxonomy":"category","embeddable":true,"href":"https:\/\/www.dagsiwi.de\/en\/wp-json\/wp\/v2\/categories?post=760"},{"taxonomy":"post_tag","embeddable":true,"href":"https:\/\/www.dagsiwi.de\/en\/wp-json\/wp\/v2\/tags?post=760"}],"curies":[{"name":"wp","href":"https:\/\/api.w.org\/{rel}","templated":true}]}}