{"id":857,"date":"2012-09-25T09:59:56","date_gmt":"2012-09-25T07:59:56","guid":{"rendered":"http:\/\/www.dagsiwi.de\/?p=857"},"modified":"2012-11-20T10:21:08","modified_gmt":"2012-11-20T09:21:08","slug":"am-di-16-10-2012-2-siegener-storyslam","status":"publish","type":"post","link":"https:\/\/www.dagsiwi.de\/en\/2012\/09\/am-di-16-10-2012-2-siegener-storyslam\/","title":{"rendered":"Am Di., 16.10.2012 &#8211; 2. Siegener StorySlam"},"content":{"rendered":"<p>Sch\u00fcler, Studenten, Azubis, etc. erz\u00e4hlen unter dem Motto &#8220;Hin und Zur\u00fcck&#8221; lustige und\/oder spannende Kurzgeschichten von ihren Reisen durch die Welt. Mitglieder und Freunde unseres &#8220;Jungen Netzwerkes&#8221; sind herzlich eingeladen mitzumachen und vor allem zuzuschauen\/zuzuh\u00f6ren. Es wird ein Abend voller kultureller Begegnungen unter Garantie amerikanischer Teilnehmer und Zuschauer!<br \/>\nKommt also <strong>am Dienstag, 16. Oktober 2012, ab 20:00 Uhr, <\/strong>ins <strong>Rosalitas <\/strong>Rockhouse, Hindenburgstra\u00dfe 2 in Siegen, (<a href=\"http:\/\/www.rosalitas-rockhouse.de\">www.rosalitas-rockhouse.de<\/a>) am Siegener Bahnhof!<br \/>\nMehr Infos und auch Videos der beim letzten Mal erz\u00e4hlten &#8220;Stories&#8221; findet Ihr online unter:<br \/>\n<a href=\"http:\/\/www.siegen-story-slam.de\">http:\/\/www.siegen-story-slam.de<\/a><br \/>\noder meldet\u00a0Euch per\u00a0e-mail bei der\u00a0Koordinatorin des &#8220;Jungen Netzwerkes&#8221; der DAG Si-Wi, Steffi Schmidt, unter: <a href=\"mailto:stefanie1.schmidt@student.uni-siegen.de\">stefanie1.schmidt@student.uni-siegen.de<\/a> .<br \/>\nWir w\u00fcnschen Euch viel Spa\u00df beim zweiten Siegener <strong>StorySlam<\/strong>!<\/p>\n","protected":false},"excerpt":{"rendered":"<p>Sch\u00fcler, Studenten, Azubis, etc. erz\u00e4hlen unter dem Motto &#8220;Hin und Zur\u00fcck&#8221; lustige und\/oder spannende Kurzgeschichten von ihren Reisen durch die Welt. Mitglieder und Freunde unseres &#8220;Jungen Netzwerkes&#8221; sind herzlich eingeladen mitzumachen und vor allem zuzuschauen\/zuzuh\u00f6ren. Es wird ein Abend voller kultureller Begegnungen unter Garantie amerikanischer Teilnehmer und Zuschauer! Kommt also am Dienstag, 16. Oktober 2012, [&hellip;]<\/p>\n","protected":false},"author":2,"featured_media":0,"comment_status":"closed","ping_status":"closed","sticky":false,"template":"","format":"standard","meta":{"ngg_post_thumbnail":0,"footnotes":""},"categories":[8],"tags":[],"class_list":["post-857","post","type-post","status-publish","format-standard","hentry","category-ankundigung"],"translation":{"provider":"WPGlobus","version":"3.0.2","language":"en","enabled_languages":["de","en"],"languages":{"de":{"title":true,"content":true,"excerpt":false},"en":{"title":false,"content":false,"excerpt":false}}},"aioseo_notices":[],"_links":{"self":[{"href":"https:\/\/www.dagsiwi.de\/en\/wp-json\/wp\/v2\/posts\/857","targetHints":{"allow":["GET"]}}],"collection":[{"href":"https:\/\/www.dagsiwi.de\/en\/wp-json\/wp\/v2\/posts"}],"about":[{"href":"https:\/\/www.dagsiwi.de\/en\/wp-json\/wp\/v2\/types\/post"}],"author":[{"embeddable":true,"href":"https:\/\/www.dagsiwi.de\/en\/wp-json\/wp\/v2\/users\/2"}],"replies":[{"embeddable":true,"href":"https:\/\/www.dagsiwi.de\/en\/wp-json\/wp\/v2\/comments?post=857"}],"version-history":[{"count":6,"href":"https:\/\/www.dagsiwi.de\/en\/wp-json\/wp\/v2\/posts\/857\/revisions"}],"predecessor-version":[{"id":1017,"href":"https:\/\/www.dagsiwi.de\/en\/wp-json\/wp\/v2\/posts\/857\/revisions\/1017"}],"wp:attachment":[{"href":"https:\/\/www.dagsiwi.de\/en\/wp-json\/wp\/v2\/media?parent=857"}],"wp:term":[{"taxonomy":"category","embeddable":true,"href":"https:\/\/www.dagsiwi.de\/en\/wp-json\/wp\/v2\/categories?post=857"},{"taxonomy":"post_tag","embeddable":true,"href":"https:\/\/www.dagsiwi.de\/en\/wp-json\/wp\/v2\/tags?post=857"}],"curies":[{"name":"wp","href":"https:\/\/api.w.org\/{rel}","templated":true}]}}