{"id":891,"date":"2012-09-25T09:50:06","date_gmt":"2012-09-25T07:50:06","guid":{"rendered":"http:\/\/www.dagsiwi.de\/?p=891"},"modified":"2012-11-20T10:23:12","modified_gmt":"2012-11-20T09:23:12","slug":"germanna-foundation-feiert-german-american-day-2012","status":"publish","type":"post","link":"https:\/\/www.dagsiwi.de\/en\/2012\/09\/germanna-foundation-feiert-german-american-day-2012\/","title":{"rendered":"Germanna Foundation celebrates the German-American Day 2012"},"content":{"rendered":"<p>Unsere befreundete Germanna Foundation in Virginia feiert auch am 06. Oktober 2012\u00a0den Deutsch-Amerikanischen Tag auf dem Gel\u00e4nde des ersten Siedlungsplatzes &#8220;Germanna&#8221;\u00a0im Jahre 1714 der ersten Siegerl\u00e4nder Gruppeneinwanderung in Virginia (VA) &#8211; siehe auch <a href=\"http:\/\/www.germanna.org\">www.germanna.org<\/a> , unter News &amp; Events!<br \/>\nDer President der Germanna Foundation, Marc Wheat,\u00a0hat eine &#8220;GERMANNA NEWS&#8221; mit lokalen Presseartikeln zu diesem Thema\u00a0an die Mitglieder versandt, die wir unseren Mitgliedern und Interessenten\u00a0gerne zur Kenntnis geben m\u00f6chten.<\/p>\n<p>Auch in Deutschland wird der Deutsch-Amerikanische Tag seit 25 Jahren j\u00e4hrlich\u00a0in der Regel auch am ersten Oktober-Wochenende gefeiert. Allerdings findet in diesem Jahr dieser duch unseren Dachverband VDAC &#8211; Verband der Deutsch-Amerikanischen Clubs\u00a0erst am 20. 10. 2012 in Neuss statt, weil\u00a0an\u00a0diesem Termin eine verdienstvolle Pers\u00f6nlichkeit\u00a0f\u00fcr den festlichen Akt der Verleihung der angesehenen &#8220;Lucius D. Clay-Medaille&#8221; f\u00fcr Verdienste in der deutsch-amerikanischen Verst\u00e4ndigung zur Verf\u00fcgung steht. Mitglieder der DAG Si-Wi sind\u00a0eingeladen und nehmen auch an diesem Festakt teil.<\/p>\n<p>Wenn Sie auf den nachstehenden Dokumentennamen klicken, k\u00f6nnen Sie die &#8220;GERMANNA NEWS&#8221; &#8211; nat\u00fcrlich in englischer Sprache &#8211; lesen:<br \/>\n<a href=\"http:\/\/www.dagsiwi.de\/wordpress\/wp-content\/uploads\/2012\/10\/Germanna_News-German-American-Day_0610201200012.pdf\">Germanna_News German-American Day_061020120001<\/a><\/p>\n","protected":false},"excerpt":{"rendered":"<p>Unsere befreundete Germanna Foundation in Virginia feiert auch am 06. Oktober 2012\u00a0den Deutsch-Amerikanischen Tag auf dem Gel\u00e4nde des ersten Siedlungsplatzes &#8220;Germanna&#8221;\u00a0im Jahre 1714 der ersten Siegerl\u00e4nder Gruppeneinwanderung in Virginia (VA) &#8211; siehe auch www.germanna.org , unter News &amp; Events! Der President der Germanna Foundation, Marc Wheat,\u00a0hat eine &#8220;GERMANNA NEWS&#8221; mit lokalen Presseartikeln zu diesem Thema\u00a0an [&hellip;]<\/p>\n","protected":false},"author":2,"featured_media":0,"comment_status":"closed","ping_status":"closed","sticky":false,"template":"","format":"standard","meta":{"ngg_post_thumbnail":0,"footnotes":""},"categories":[1],"tags":[],"class_list":["post-891","post","type-post","status-publish","format-standard","hentry","category-allgemein"],"translation":{"provider":"WPGlobus","version":"3.0.2","language":"en","enabled_languages":["de","en"],"languages":{"de":{"title":true,"content":true,"excerpt":false},"en":{"title":false,"content":false,"excerpt":false}}},"aioseo_notices":[],"_links":{"self":[{"href":"https:\/\/www.dagsiwi.de\/en\/wp-json\/wp\/v2\/posts\/891","targetHints":{"allow":["GET"]}}],"collection":[{"href":"https:\/\/www.dagsiwi.de\/en\/wp-json\/wp\/v2\/posts"}],"about":[{"href":"https:\/\/www.dagsiwi.de\/en\/wp-json\/wp\/v2\/types\/post"}],"author":[{"embeddable":true,"href":"https:\/\/www.dagsiwi.de\/en\/wp-json\/wp\/v2\/users\/2"}],"replies":[{"embeddable":true,"href":"https:\/\/www.dagsiwi.de\/en\/wp-json\/wp\/v2\/comments?post=891"}],"version-history":[{"count":13,"href":"https:\/\/www.dagsiwi.de\/en\/wp-json\/wp\/v2\/posts\/891\/revisions"}],"predecessor-version":[{"id":1019,"href":"https:\/\/www.dagsiwi.de\/en\/wp-json\/wp\/v2\/posts\/891\/revisions\/1019"}],"wp:attachment":[{"href":"https:\/\/www.dagsiwi.de\/en\/wp-json\/wp\/v2\/media?parent=891"}],"wp:term":[{"taxonomy":"category","embeddable":true,"href":"https:\/\/www.dagsiwi.de\/en\/wp-json\/wp\/v2\/categories?post=891"},{"taxonomy":"post_tag","embeddable":true,"href":"https:\/\/www.dagsiwi.de\/en\/wp-json\/wp\/v2\/tags?post=891"}],"curies":[{"name":"wp","href":"https:\/\/api.w.org\/{rel}","templated":true}]}}