{"id":918,"date":"2012-09-25T09:55:04","date_gmt":"2012-09-25T07:55:04","guid":{"rendered":"http:\/\/www.dagsiwi.de\/?p=918"},"modified":"2012-11-20T10:22:10","modified_gmt":"2012-11-20T09:22:10","slug":"teilnehmer-an-der-berlinfahrt-anfang-september-2012-begeistert","status":"publish","type":"post","link":"https:\/\/www.dagsiwi.de\/en\/2012\/09\/teilnehmer-an-der-berlinfahrt-anfang-september-2012-begeistert\/","title":{"rendered":"Teilnehmer an der Berlinfahrt Anfang September 2012 begeistert!"},"content":{"rendered":"<p>Auf Einladung des Bundestagsabgeordneten und DAG-Mitgliedes <strong>Volkmar Klein aus Burbach (CDU)\u00a0&#8211;\u00a0<\/strong>auch von dieser Stelle = <strong>ein dickes Dankesch\u00f6n<\/strong>! &#8211;\u00a0konnte eine kleine Delegation der DAG Si-Wi &#8211; die H\u00e4lfte DAG-Mitglieder (I\u00b4m <a href=\"http:\/\/www.dagsiwi.de\/wordpress\/wp-content\/uploads\/2012\/10\/Foto-kom_Berlin-Fahrt2012_DEickbaum.jpg\"><img loading=\"lazy\" decoding=\"async\" class=\"alignleft size-medium wp-image-919\" title=\"Foto-kom_Berlin-Fahrt2012_DEickbaum\" src=\"http:\/\/www.dagsiwi.de\/wordpress\/wp-content\/uploads\/2012\/10\/Foto-kom_Berlin-Fahrt2012_DEickbaum-300x200.jpg\" alt=\"\" width=\"300\" height=\"200\" srcset=\"https:\/\/www.dagsiwi.de\/wordpress\/wp-content\/uploads\/2012\/10\/Foto-kom_Berlin-Fahrt2012_DEickbaum-300x200.jpg 300w, https:\/\/www.dagsiwi.de\/wordpress\/wp-content\/uploads\/2012\/10\/Foto-kom_Berlin-Fahrt2012_DEickbaum.jpg 1024w\" sizes=\"auto, (max-width: 300px) 100vw, 300px\" \/><\/a>sorry, dass aus Platzgr\u00fcnden leider\u00a0<span style=\"text-decoration: underline;\">nicht alle<\/span> interessierten DAG-Mitglieder\u00a0 teilnehmen konnten) und die andere H\u00e4lfte Sch\u00fcler\/innen, die an\u00a0dem \u00a0DAG-Preiswettbewerb 2012 f\u00fcr qualifizierte Sch\u00fclerfacharbeiten \u00fcber USA-bezogene Themen\u00a0teilgenommen und\u00a0anl\u00e4sslich der\u00a0feierlichen Preisverleihung durch Losentscheid als gl\u00fcckliche Teilnehmer\u00a0&#8211; Anfang September 2012 in Berlin dabei sein. Auf dem Foto vor der\u00a0Botschaft der USA\u00a0&#8211; Foto <em>durch Anklicken\u00a0vergr\u00f6\u00dfern!\u00a0&#8211; <\/em>sind\u00a0von links:\u00a0 Die DAG-Mitglieder <em>Dominik Eichbaum mit Ehefrau, MdB Volkmar Klein, Maximilian Scheidt, Mary Crace Kannapinn und re. au\u00dfen \u00a0Jochen u. Silva Eickbusch\u00a0sowie\u00a0die Sch\u00fcler\/innen als Losgewinner beim Preiswettbewerb 2012; nicht auf dem Foto der Koordinator dieser Berlinreise und DAG-Vorstandsmitglied Gerd Alfes.\u00a0<\/em><br \/>\nWenn Sie den u. g. Dokumentennamen anklicken, finden Sie einen ausf\u00fchrlichen Artikel \u00fcber diesen interessanten Besuch mit nachhaltigen politischen Eindr\u00fccken in Berlin &#8211; geschrieben vom\u00a0DAG-Mitglied Dominik Eichbaum\u00a0&#8211; Dankesch\u00f6n!:<br \/>\n<a href=\"http:\/\/www.dagsiwi.de\/wordpress\/wp-content\/uploads\/2012\/09\/Berlin-Fahrt-09-2012_Bericht2.doc\">Berlin-Fahrt-09-2012_Bericht<\/a><\/p>\n","protected":false},"excerpt":{"rendered":"<p>Auf Einladung des Bundestagsabgeordneten und DAG-Mitgliedes Volkmar Klein aus Burbach (CDU)\u00a0&#8211;\u00a0auch von dieser Stelle = ein dickes Dankesch\u00f6n! &#8211;\u00a0konnte eine kleine Delegation der DAG Si-Wi &#8211; die H\u00e4lfte DAG-Mitglieder (I\u00b4m sorry, dass aus Platzgr\u00fcnden leider\u00a0nicht alle interessierten DAG-Mitglieder\u00a0 teilnehmen konnten) und die andere H\u00e4lfte Sch\u00fcler\/innen, die an\u00a0dem \u00a0DAG-Preiswettbewerb 2012 f\u00fcr qualifizierte Sch\u00fclerfacharbeiten \u00fcber USA-bezogene Themen\u00a0teilgenommen [&hellip;]<\/p>\n","protected":false},"author":2,"featured_media":0,"comment_status":"closed","ping_status":"closed","sticky":false,"template":"","format":"standard","meta":{"ngg_post_thumbnail":0,"footnotes":""},"categories":[1],"tags":[],"class_list":["post-918","post","type-post","status-publish","format-standard","hentry","category-allgemein"],"translation":{"provider":"WPGlobus","version":"3.0.2","language":"en","enabled_languages":["de","en"],"languages":{"de":{"title":true,"content":true,"excerpt":false},"en":{"title":false,"content":false,"excerpt":false}}},"aioseo_notices":[],"_links":{"self":[{"href":"https:\/\/www.dagsiwi.de\/en\/wp-json\/wp\/v2\/posts\/918","targetHints":{"allow":["GET"]}}],"collection":[{"href":"https:\/\/www.dagsiwi.de\/en\/wp-json\/wp\/v2\/posts"}],"about":[{"href":"https:\/\/www.dagsiwi.de\/en\/wp-json\/wp\/v2\/types\/post"}],"author":[{"embeddable":true,"href":"https:\/\/www.dagsiwi.de\/en\/wp-json\/wp\/v2\/users\/2"}],"replies":[{"embeddable":true,"href":"https:\/\/www.dagsiwi.de\/en\/wp-json\/wp\/v2\/comments?post=918"}],"version-history":[{"count":22,"href":"https:\/\/www.dagsiwi.de\/en\/wp-json\/wp\/v2\/posts\/918\/revisions"}],"predecessor-version":[{"id":1018,"href":"https:\/\/www.dagsiwi.de\/en\/wp-json\/wp\/v2\/posts\/918\/revisions\/1018"}],"wp:attachment":[{"href":"https:\/\/www.dagsiwi.de\/en\/wp-json\/wp\/v2\/media?parent=918"}],"wp:term":[{"taxonomy":"category","embeddable":true,"href":"https:\/\/www.dagsiwi.de\/en\/wp-json\/wp\/v2\/categories?post=918"},{"taxonomy":"post_tag","embeddable":true,"href":"https:\/\/www.dagsiwi.de\/en\/wp-json\/wp\/v2\/tags?post=918"}],"curies":[{"name":"wp","href":"https:\/\/api.w.org\/{rel}","templated":true}]}}