{"id":953,"date":"2012-10-29T18:01:58","date_gmt":"2012-10-29T17:01:58","guid":{"rendered":"http:\/\/www.dagsiwi.de\/?p=953"},"modified":"2013-01-10T15:28:44","modified_gmt":"2013-01-10T14:28:44","slug":"brillianter-vortrag-von-christoph-von-marschall-aus-washington-dc","status":"publish","type":"post","link":"https:\/\/www.dagsiwi.de\/en\/2012\/10\/brillianter-vortrag-von-christoph-von-marschall-aus-washington-dc\/","title":{"rendered":"Brillanter Vortrag von Christoph von Marschall aus Washington DC"},"content":{"rendered":"<p>Am 23. Oktober 2012 berichtete der USA-Korrespondent des Berliner &#8220;Tagesspiegel&#8221; in Washington DC (er war zwischenzeitlich am So., 28. 10. 2012, <a href=\"http:\/\/www.dagsiwi.de\/wordpress\/wp-content\/uploads\/2012\/10\/DSCI0015.jpg\"><img loading=\"lazy\" decoding=\"async\" class=\"alignleft size-medium wp-image-955\" title=\"DSCI0015\" src=\"http:\/\/www.dagsiwi.de\/wordpress\/wp-content\/uploads\/2012\/10\/DSCI0015-300x225.jpg\" alt=\"\" width=\"300\" height=\"225\" srcset=\"https:\/\/www.dagsiwi.de\/wordpress\/wp-content\/uploads\/2012\/10\/DSCI0015-300x225.jpg 300w, https:\/\/www.dagsiwi.de\/wordpress\/wp-content\/uploads\/2012\/10\/DSCI0015-1024x768.jpg 1024w\" sizes=\"auto, (max-width: 300px) 100vw, 300px\" \/><\/a>auch im &#8220;Presseclub&#8221; des ARD-Studios in Washington DC\u00a0zu sehen und zu h\u00f6ren oder beispielsweise wurde in der renommierten Wochenzeitung DIE ZEIT vom 25. 10. 2012\u00a0sein Buch <em>&#8220;Was ist mit den Amis los?&#8221; als neuer und sehr gegl\u00fcckter Intepretationsversuch \u00fcber das Wesen der amerikansichen B\u00fcrgergesellschaft und ihr prinzipiell skeptisches Verh\u00e4ltnis zu staatlicher Wohlfahrt u.a. vorgestellt) <\/em>vor einer passablen Zuh\u00f6rerkulisse mit\u00a0einer\u00a0stattlichen Anzahl von\u00a0DAG-Mitgliedern,\u00a0 Mitgliedern der Service-Clubs und erfreulicherweise eine Reihe von jungen Leuten\u00a0im <a href=\"http:\/\/www.dagsiwi.de\/wordpress\/wp-content\/uploads\/2012\/10\/DSCI0021.jpg\"><img loading=\"lazy\" decoding=\"async\" class=\"alignright  wp-image-956\" title=\"DSCI0021\" src=\"http:\/\/www.dagsiwi.de\/wordpress\/wp-content\/uploads\/2012\/10\/DSCI0021-300x225.jpg\" alt=\"\" width=\"300\" height=\"225\" srcset=\"https:\/\/www.dagsiwi.de\/wordpress\/wp-content\/uploads\/2012\/10\/DSCI0021-300x225.jpg 300w, https:\/\/www.dagsiwi.de\/wordpress\/wp-content\/uploads\/2012\/10\/DSCI0021-1024x768.jpg 1024w\" sizes=\"auto, (max-width: 300px) 100vw, 300px\" \/><\/a>Vortragsraum des Museums f\u00fcr Gegenwartskunst in Siegen mit Unterst\u00fctzung von Fotos und Charts\u00a0und viel Insiderwissen \u00fcber die derzeitige Lage des US-Pr\u00e4sidentschafts-Wahlkampfes 2012.<br \/>\nNachdem Obama \u00fcber Monate einen deutlichen Vorsprung vor seinem Herausforderer Mitt Romney und zuletzt nur noch knapp vorne lag, ist dieser hauchd\u00fcnn, insbesondere als Romney nach seinem souver\u00e4nen Auftreten in der ersten Fernsehdebatte am 03. Oktober die F\u00fchrung in den nationalen Umfragen \u00a0\u00fcbernahm, wird es dadurch immer enger f\u00fcr Barack Obama. Obama konnte jedoch das letzte TV-Duell klar f\u00fcr sich entscheiden.<\/p>\n<p>Im US-Wahlsystem kommt es\u00a0jedoch nicht darauf an, wer die meisten Stimmen erringt. Entscheidend sind nicht die W\u00e4hler, sondern die Wahlm\u00e4nner &#8211; diese Prozedur hat eine lange Tradition und funktionierte\u00a0seit 200\u00a0Jahren. Wenn Obama den Kampf um die Stimmenmehrheit\u00a0verlieren\u00a0 w\u00fcrde,\u00a0k\u00f6nnte er mit\u00a0Gl\u00fcck\u00a0aber einen hochd\u00fcnnen Vorsprung <a href=\"http:\/\/www.dagsiwi.de\/wordpress\/wp-content\/uploads\/2012\/10\/DSCI0019.jpg\"><img loading=\"lazy\" decoding=\"async\" class=\"alignleft size-medium wp-image-957\" title=\"DSCI0019\" src=\"http:\/\/www.dagsiwi.de\/wordpress\/wp-content\/uploads\/2012\/10\/DSCI0019-300x225.jpg\" alt=\"\" width=\"300\" height=\"225\" srcset=\"https:\/\/www.dagsiwi.de\/wordpress\/wp-content\/uploads\/2012\/10\/DSCI0019-300x225.jpg 300w, https:\/\/www.dagsiwi.de\/wordpress\/wp-content\/uploads\/2012\/10\/DSCI0019-1024x768.jpg 1024w\" sizes=\"auto, (max-width: 300px) 100vw, 300px\" \/><\/a>unter den Wahlm\u00e4nnern verteidigen und so die Wiederwahl gewinnen.<\/p>\n<p>Im Anschlu\u00df an den aufschlu\u00dfreichen Vortrag von Christoph von Marschall wurde eifrig diskutiert. Eine gelungener Informationsabend der DAG Si-Wi!<br \/>\n<em>(Fotos k\u00f6nnen durch Anklicken vergr\u00f6ssert werden!)<\/em><\/p>\n","protected":false},"excerpt":{"rendered":"<p>Am 23. Oktober 2012 berichtete der USA-Korrespondent des Berliner &#8220;Tagesspiegel&#8221; in Washington DC (er war zwischenzeitlich am So., 28. 10. 2012, auch im &#8220;Presseclub&#8221; des ARD-Studios in Washington DC\u00a0zu sehen und zu h\u00f6ren oder beispielsweise wurde in der renommierten Wochenzeitung DIE ZEIT vom 25. 10. 2012\u00a0sein Buch &#8220;Was ist mit den Amis los?&#8221; als neuer [&hellip;]<\/p>\n","protected":false},"author":2,"featured_media":0,"comment_status":"closed","ping_status":"closed","sticky":false,"template":"","format":"standard","meta":{"ngg_post_thumbnail":0,"footnotes":""},"categories":[19],"tags":[],"class_list":["post-953","post","type-post","status-publish","format-standard","hentry","category-eventbericht"],"translation":{"provider":"WPGlobus","version":"3.0.2","language":"en","enabled_languages":["de","en"],"languages":{"de":{"title":true,"content":true,"excerpt":false},"en":{"title":false,"content":false,"excerpt":false}}},"aioseo_notices":[],"_links":{"self":[{"href":"https:\/\/www.dagsiwi.de\/en\/wp-json\/wp\/v2\/posts\/953","targetHints":{"allow":["GET"]}}],"collection":[{"href":"https:\/\/www.dagsiwi.de\/en\/wp-json\/wp\/v2\/posts"}],"about":[{"href":"https:\/\/www.dagsiwi.de\/en\/wp-json\/wp\/v2\/types\/post"}],"author":[{"embeddable":true,"href":"https:\/\/www.dagsiwi.de\/en\/wp-json\/wp\/v2\/users\/2"}],"replies":[{"embeddable":true,"href":"https:\/\/www.dagsiwi.de\/en\/wp-json\/wp\/v2\/comments?post=953"}],"version-history":[{"count":13,"href":"https:\/\/www.dagsiwi.de\/en\/wp-json\/wp\/v2\/posts\/953\/revisions"}],"predecessor-version":[{"id":963,"href":"https:\/\/www.dagsiwi.de\/en\/wp-json\/wp\/v2\/posts\/953\/revisions\/963"}],"wp:attachment":[{"href":"https:\/\/www.dagsiwi.de\/en\/wp-json\/wp\/v2\/media?parent=953"}],"wp:term":[{"taxonomy":"category","embeddable":true,"href":"https:\/\/www.dagsiwi.de\/en\/wp-json\/wp\/v2\/categories?post=953"},{"taxonomy":"post_tag","embeddable":true,"href":"https:\/\/www.dagsiwi.de\/en\/wp-json\/wp\/v2\/tags?post=953"}],"curies":[{"name":"wp","href":"https:\/\/api.w.org\/{rel}","templated":true}]}}